{"id":64113,"date":"2025-10-27T15:15:04","date_gmt":"2025-10-27T12:15:04","guid":{"rendered":"https:\/\/www.egemtv.com\/?p=64113"},"modified":"2025-10-27T15:15:07","modified_gmt":"2025-10-27T12:15:07","slug":"kanlar-icinde-bulunan-emekli-polis-kurtarilamadi","status":"publish","type":"post","link":"https:\/\/www.egemtv.com\/?p=64113","title":{"rendered":"Kanlar i\u00e7inde bulunan emekli polis kurtar\u0131lamad\u0131"},"content":{"rendered":"<p>Denizli\u2019de evinde kafas\u0131ndan silahla vurulmu\u015f halde bulunan emekli polis, hastanede t\u00fcm m\u00fcdahalelere ra\u011fmen kurtar\u0131lamad\u0131.<br \/>\n<br \/>Olay, d\u00fcn saat 13.30\u2019da Merkezefendi il\u00e7esi Merkezefendi Mahallesinde meydana geldi. Edinilen bilgilere g\u00f6re, y\u0131llar \u00f6nce ge\u00e7irdi\u011fi bir trafik kazas\u0131nda fel\u00e7 kalan emekli polis Mete Cestan\u2019\u0131n (67) evinden gelen silah sesi \u00fczerine kom\u015fular\u0131 durumu 112 Acil \u00c7a\u011fr\u0131 Merkezine bildirdi. \u0130hbar \u00fczerine olay yerine polis ekipleri sevk edildi. Eve giren ekipler Mete Cestan\u2019\u0131 kanlar i\u00e7inde yatarken buldu. Ba\u015f\u0131ndan 1 el ate\u015f edilerek yaralanan emekli polis, olay yerinde yap\u0131lan ilk m\u00fcdahalenin ard\u0131ndan ambulansla Denizli Devlet Hastanesine sevk edildi. Hastanede tedavi alt\u0131na al\u0131nan emekli polis doktorlar\u0131n t\u00fcm m\u00fcdahalesine ra\u011fmen hayat\u0131n\u0131 kaybetti.<br \/>\n<br \/>Emekli polisin intihar etti\u011fi iddia edilirken, kesin \u00f6l\u00fcm sonucu Adli T\u0131p Kurumunda yap\u0131lan otopsi sonras\u0131 netlik kazanacak.<br \/><\/p>\n","protected":false},"excerpt":{"rendered":"<p>Denizli\u2019de evinde kafas\u0131ndan silahla vurulmu\u015f halde bulunan emekli polis, hastanede t\u00fcm m\u00fcdahalelere ra\u011fmen kurtar\u0131lamad\u0131. Olay, d\u00fcn saat 13.30\u2019da Merkezefendi il\u00e7esi Merkezefendi Mahallesinde meydana geldi. Edinilen bilgilere g\u00f6re, y\u0131llar \u00f6nce ge\u00e7irdi\u011fi bir trafik kazas\u0131nda fel\u00e7 kalan emekli polis Mete Cestan\u2019\u0131n (67) evinden gelen silah sesi \u00fczerine kom\u015fular\u0131 durumu 112 Acil \u00c7a\u011fr\u0131 Merkezine bildirdi. \u0130hbar \u00fczerine olay&#8230;<\/p>\n","protected":false},"author":1,"featured_media":64114,"comment_status":"open","ping_status":"open","sticky":false,"template":"","format":"standard","meta":{"_crdt_document":"","footnotes":""},"categories":[5],"tags":[],"class_list":["post-64113","post","type-post","status-publish","format-standard","has-post-thumbnail","hentry","category-asayis"],"_links":{"self":[{"href":"https:\/\/www.egemtv.com\/index.php?rest_route=\/wp\/v2\/posts\/64113","targetHints":{"allow":["GET"]}}],"collection":[{"href":"https:\/\/www.egemtv.com\/index.php?rest_route=\/wp\/v2\/posts"}],"about":[{"href":"https:\/\/www.egemtv.com\/index.php?rest_route=\/wp\/v2\/types\/post"}],"author":[{"embeddable":true,"href":"https:\/\/www.egemtv.com\/index.php?rest_route=\/wp\/v2\/users\/1"}],"replies":[{"embeddable":true,"href":"https:\/\/www.egemtv.com\/index.php?rest_route=%2Fwp%2Fv2%2Fcomments&post=64113"}],"version-history":[{"count":1,"href":"https:\/\/www.egemtv.com\/index.php?rest_route=\/wp\/v2\/posts\/64113\/revisions"}],"predecessor-version":[{"id":64115,"href":"https:\/\/www.egemtv.com\/index.php?rest_route=\/wp\/v2\/posts\/64113\/revisions\/64115"}],"wp:featuredmedia":[{"embeddable":true,"href":"https:\/\/www.egemtv.com\/index.php?rest_route=\/wp\/v2\/media\/64114"}],"wp:attachment":[{"href":"https:\/\/www.egemtv.com\/index.php?rest_route=%2Fwp%2Fv2%2Fmedia&parent=64113"}],"wp:term":[{"taxonomy":"category","embeddable":true,"href":"https:\/\/www.egemtv.com\/index.php?rest_route=%2Fwp%2Fv2%2Fcategories&post=64113"},{"taxonomy":"post_tag","embeddable":true,"href":"https:\/\/www.egemtv.com\/index.php?rest_route=%2Fwp%2Fv2%2Ftags&post=64113"}],"curies":[{"name":"wp","href":"https:\/\/api.w.org\/{rel}","templated":true}]}}