{"id":64110,"date":"2025-10-27T14:56:34","date_gmt":"2025-10-27T11:56:34","guid":{"rendered":"https:\/\/www.egemtv.com\/?p=64110"},"modified":"2025-10-27T14:56:50","modified_gmt":"2025-10-27T11:56:50","slug":"mentese-belediyesinden-cumhuriyet-bayramina-ozel-satranc-turnuvasi","status":"publish","type":"post","link":"https:\/\/www.egemtv.com\/?p=64110","title":{"rendered":"Mente\u015fe Belediyesi\u2019nden Cumhuriyet Bayram\u0131\u2019na \u00f6zel satran\u00e7 turnuvas\u0131"},"content":{"rendered":"<p>Mente\u015fe Belediyesi ile Mu\u011fla Fenerbah\u00e7eliler Derne\u011fi i\u015f birli\u011finde d\u00fczenlenen 29 Ekim Cumhuriyet Bayram\u0131 Satran\u00e7 Turnuvas\u0131, heyecan dolu m\u00fcsabakalar\u0131n ard\u0131ndan tamamland\u0131.<br \/>\n<br \/>Konakalt\u0131 \u0130skender Alper K\u00fclt\u00fcr Merkezi Nail \u00c7ak\u0131rhan Salonunda iki g\u00fcn boyunca devam eden turnuvaya; \u0130zmir, \u0130stanbul, Ayd\u0131n, \u015eanl\u0131urfa, Elaz\u0131\u011f, Ankara ve Konya\u2019dan gelen sporcular\u0131n da aralar\u0131nda bulundu\u011fu toplam 66 satran\u00e7 sporcusu kat\u0131ld\u0131.<br \/>\n<br \/>\u00dc\u00e7 kategoride ger\u00e7ekle\u015ftirilen m\u00fcsabakalarda, A\u00e7\u0131k Kategorisi birincili\u011fini Emre K\u0131r\u0131lmaz kazand\u0131. Bu kategoride Evren Atayman ikinci, Mustafa Tokmak ise \u00fc\u00e7\u00fcnc\u00fc oldu.<br \/>\n<br \/>8 Ya\u015f Kategorisinde birinci, Yi\u011fit Emir Hep, ikinci Ya\u011f\u0131z Yi\u011fitcan, \u00fc\u00e7\u00fcnc\u00fc ise Deniz Kayhan<br \/>\n<br \/>oldu. 10 Ya\u015f Kategorisinde ise G\u00f6ktu\u011f A\u011faya birinci olurken, Mehmet Erol ikinci, Ali G\u00fcney Ba\u015faran \u00fc\u00e7\u00fcnc\u00fc oldu.<br \/>\n<br \/>Turnuva sonunda ilk 3\u2019e giren sporculara kupa, plaket ve para \u00f6d\u00fcl\u00fc verildi. M\u00fcsabakaya kat\u0131lan t\u00fcm sporcular ise madalya ile onurland\u0131r\u0131ld\u0131.<br \/><\/p>\n","protected":false},"excerpt":{"rendered":"<p>Mente\u015fe Belediyesi ile Mu\u011fla Fenerbah\u00e7eliler Derne\u011fi i\u015f birli\u011finde d\u00fczenlenen 29 Ekim Cumhuriyet Bayram\u0131 Satran\u00e7 Turnuvas\u0131, heyecan dolu m\u00fcsabakalar\u0131n ard\u0131ndan tamamland\u0131. Konakalt\u0131 \u0130skender Alper K\u00fclt\u00fcr Merkezi Nail \u00c7ak\u0131rhan Salonunda iki g\u00fcn boyunca devam eden turnuvaya; \u0130zmir, \u0130stanbul, Ayd\u0131n, \u015eanl\u0131urfa, Elaz\u0131\u011f, Ankara ve Konya\u2019dan gelen sporcular\u0131n da aralar\u0131nda bulundu\u011fu toplam 66 satran\u00e7 sporcusu kat\u0131ld\u0131. \u00dc\u00e7 kategoride ger\u00e7ekle\u015ftirilen&#8230;<\/p>\n","protected":false},"author":1,"featured_media":64111,"comment_status":"open","ping_status":"open","sticky":false,"template":"","format":"standard","meta":{"_crdt_document":"","footnotes":""},"categories":[4],"tags":[],"class_list":["post-64110","post","type-post","status-publish","format-standard","has-post-thumbnail","hentry","category-spor"],"_links":{"self":[{"href":"https:\/\/www.egemtv.com\/index.php?rest_route=\/wp\/v2\/posts\/64110","targetHints":{"allow":["GET"]}}],"collection":[{"href":"https:\/\/www.egemtv.com\/index.php?rest_route=\/wp\/v2\/posts"}],"about":[{"href":"https:\/\/www.egemtv.com\/index.php?rest_route=\/wp\/v2\/types\/post"}],"author":[{"embeddable":true,"href":"https:\/\/www.egemtv.com\/index.php?rest_route=\/wp\/v2\/users\/1"}],"replies":[{"embeddable":true,"href":"https:\/\/www.egemtv.com\/index.php?rest_route=%2Fwp%2Fv2%2Fcomments&post=64110"}],"version-history":[{"count":1,"href":"https:\/\/www.egemtv.com\/index.php?rest_route=\/wp\/v2\/posts\/64110\/revisions"}],"predecessor-version":[{"id":64112,"href":"https:\/\/www.egemtv.com\/index.php?rest_route=\/wp\/v2\/posts\/64110\/revisions\/64112"}],"wp:featuredmedia":[{"embeddable":true,"href":"https:\/\/www.egemtv.com\/index.php?rest_route=\/wp\/v2\/media\/64111"}],"wp:attachment":[{"href":"https:\/\/www.egemtv.com\/index.php?rest_route=%2Fwp%2Fv2%2Fmedia&parent=64110"}],"wp:term":[{"taxonomy":"category","embeddable":true,"href":"https:\/\/www.egemtv.com\/index.php?rest_route=%2Fwp%2Fv2%2Fcategories&post=64110"},{"taxonomy":"post_tag","embeddable":true,"href":"https:\/\/www.egemtv.com\/index.php?rest_route=%2Fwp%2Fv2%2Ftags&post=64110"}],"curies":[{"name":"wp","href":"https:\/\/api.w.org\/{rel}","templated":true}]}}