{"id":64107,"date":"2025-10-27T14:56:09","date_gmt":"2025-10-27T11:56:09","guid":{"rendered":"https:\/\/www.egemtv.com\/?p=64107"},"modified":"2025-10-27T14:56:20","modified_gmt":"2025-10-27T11:56:20","slug":"manisali-kuaforler-antalyadan-4-kupayla-dondu","status":"publish","type":"post","link":"https:\/\/www.egemtv.com\/?p=64107","title":{"rendered":"Manisal\u0131 kuaf\u00f6rler Antalya\u2019dan 4 kupayla d\u00f6nd\u00fc"},"content":{"rendered":"<p>Manisal\u0131 kuaf\u00f6rler, T\u00fcrkiye genelinden yo\u011fun kat\u0131l\u0131m\u0131n oldu\u011fu Antalya\u2019daki kuaf\u00f6rl\u00fck yar\u0131\u015fmas\u0131nda b\u00fcy\u00fck bir ba\u015far\u0131ya imza atarak 4 kupa ile memleketlerine d\u00f6nd\u00fc. Manisa Berberler ve Kuaf\u00f6rler Odas\u0131 \u00fcyeleri, teknik becerilerini sergileyerek iki farkl\u0131 kategoride toplam d\u00f6rt derece elde etti.<br \/>\n<br \/>Antalya\u2019da d\u00fczenlenen &#8220;E\u011fitim, Motivasyon ve Yar\u0131\u015fma Program\u0131&#8221;nda T\u00fcrkiye\u2019nin bir\u00e7ok ilinden kuaf\u00f6rler yar\u0131\u015ft\u0131. Manisa\u2019y\u0131 temsil eden gen\u00e7 ustalar, T\u00fcrban, Topuz ve Makyaj kategorilerinde g\u00f6sterdikleri \u00fcst\u00fcn performansla dikkat \u00e7ekti. Manisa ekibinden Beyza Nur Bozta\u015f, T\u00fcrban kategorisinde T\u00fcrkiye birincisi olurken Makyaj kategorisinde de ikincili\u011fi elde etti. Bir di\u011fer ba\u015far\u0131l\u0131 kuaf\u00f6r Fatma Becerik\u00e7i ise Topuz kategorisinde birincilik, T\u00fcrban kategorisinde ise ikincilik kazand\u0131. Elde edilen iki birincilik ve iki ikincilikle Manisa kuaf\u00f6rl\u00fck sekt\u00f6r\u00fcn\u00fcn kalitesi bir kez daha tescillendi.<br \/>\n<br \/>Manisa Berberler ve Kuaf\u00f6rler Odas\u0131 Ba\u015fkan\u0131 Adem \u015eahin, yar\u0131\u015fmada dereceye giren \u00fcyelerini tebrik ederek, &#8220;\u00dcyelerimizin g\u00f6sterdi\u011fi bu ba\u015far\u0131 bizler i\u00e7in b\u00fcy\u00fck bir gurur kayna\u011f\u0131 oldu. Manisal\u0131 kuaf\u00f6rlerimizin e\u011fitim ve sanatsal y\u00f6n\u00fcyle her ge\u00e7en g\u00fcn daha da g\u00fc\u00e7lendi\u011fini g\u00f6rmek mutluluk verici. Bu ba\u015far\u0131lar\u0131n artarak devam edece\u011fine inan\u0131yorum&#8221; dedi.<br \/>\n<br \/>Manisa\u2019ya kupalarla d\u00f6nen kuaf\u00f6rler, elde ettikleri ba\u015far\u0131lar\u0131n meslekta\u015flar\u0131na da ilham vermesini dileyerek, yeni yar\u0131\u015fmalara daha g\u00fc\u00e7l\u00fc \u015fekilde haz\u0131rlanacaklar\u0131n\u0131 ifade ettiler.<br \/><\/p>\n","protected":false},"excerpt":{"rendered":"<p>Manisal\u0131 kuaf\u00f6rler, T\u00fcrkiye genelinden yo\u011fun kat\u0131l\u0131m\u0131n oldu\u011fu Antalya\u2019daki kuaf\u00f6rl\u00fck yar\u0131\u015fmas\u0131nda b\u00fcy\u00fck bir ba\u015far\u0131ya imza atarak 4 kupa ile memleketlerine d\u00f6nd\u00fc. Manisa Berberler ve Kuaf\u00f6rler Odas\u0131 \u00fcyeleri, teknik becerilerini sergileyerek iki farkl\u0131 kategoride toplam d\u00f6rt derece elde etti. Antalya\u2019da d\u00fczenlenen &#8220;E\u011fitim, Motivasyon ve Yar\u0131\u015fma Program\u0131&#8221;nda T\u00fcrkiye\u2019nin bir\u00e7ok ilinden kuaf\u00f6rler yar\u0131\u015ft\u0131. Manisa\u2019y\u0131 temsil eden gen\u00e7 ustalar, T\u00fcrban,&#8230;<\/p>\n","protected":false},"author":1,"featured_media":64108,"comment_status":"open","ping_status":"open","sticky":false,"template":"","format":"standard","meta":{"_crdt_document":"","footnotes":""},"categories":[1],"tags":[],"class_list":["post-64107","post","type-post","status-publish","format-standard","has-post-thumbnail","hentry","category-guncel"],"_links":{"self":[{"href":"https:\/\/www.egemtv.com\/index.php?rest_route=\/wp\/v2\/posts\/64107","targetHints":{"allow":["GET"]}}],"collection":[{"href":"https:\/\/www.egemtv.com\/index.php?rest_route=\/wp\/v2\/posts"}],"about":[{"href":"https:\/\/www.egemtv.com\/index.php?rest_route=\/wp\/v2\/types\/post"}],"author":[{"embeddable":true,"href":"https:\/\/www.egemtv.com\/index.php?rest_route=\/wp\/v2\/users\/1"}],"replies":[{"embeddable":true,"href":"https:\/\/www.egemtv.com\/index.php?rest_route=%2Fwp%2Fv2%2Fcomments&post=64107"}],"version-history":[{"count":1,"href":"https:\/\/www.egemtv.com\/index.php?rest_route=\/wp\/v2\/posts\/64107\/revisions"}],"predecessor-version":[{"id":64109,"href":"https:\/\/www.egemtv.com\/index.php?rest_route=\/wp\/v2\/posts\/64107\/revisions\/64109"}],"wp:featuredmedia":[{"embeddable":true,"href":"https:\/\/www.egemtv.com\/index.php?rest_route=\/wp\/v2\/media\/64108"}],"wp:attachment":[{"href":"https:\/\/www.egemtv.com\/index.php?rest_route=%2Fwp%2Fv2%2Fmedia&parent=64107"}],"wp:term":[{"taxonomy":"category","embeddable":true,"href":"https:\/\/www.egemtv.com\/index.php?rest_route=%2Fwp%2Fv2%2Fcategories&post=64107"},{"taxonomy":"post_tag","embeddable":true,"href":"https:\/\/www.egemtv.com\/index.php?rest_route=%2Fwp%2Fv2%2Ftags&post=64107"}],"curies":[{"name":"wp","href":"https:\/\/api.w.org\/{rel}","templated":true}]}}