{"id":64104,"date":"2025-10-27T14:55:26","date_gmt":"2025-10-27T11:55:26","guid":{"rendered":"https:\/\/www.egemtv.com\/?p=64104"},"modified":"2025-10-27T14:55:47","modified_gmt":"2025-10-27T11:55:47","slug":"cocuklar-cumhuriyet-etkinliginde-gonullerince-eglendi","status":"publish","type":"post","link":"https:\/\/www.egemtv.com\/?p=64104","title":{"rendered":"\u00c7ocuklar cumhuriyet etkinli\u011finde g\u00f6n\u00fcllerince e\u011flendi"},"content":{"rendered":"<p>Cumhuriyetin ilan\u0131n\u0131n 102. y\u0131l\u0131, Yunusemre\u2019de b\u00fcy\u00fck bir co\u015fkuyla kutland\u0131. Ortak\u00f6y Mesire Alan\u0131\u2019nda d\u00fczenlenen etkinli\u011fe y\u00fczlerce \u00e7ocuk kat\u0131larak g\u00f6n\u00fcllerince e\u011flendi.<br \/>\n<br \/>Manisa B\u00fcy\u00fck\u015fehir Belediyesi, Yunusemre Belediyesi ve \u015eehzadeler Belediyesi i\u015fbirli\u011fiyle Cumhuriyetimizin 102. Y\u0131l\u0131 \u00e7ocuklara arma\u011fan edece\u011fi \u00f6zel bir etkinlikle kutland\u0131. Ortak\u00f6y Mesire Alan\u0131\u2019nda \u00c7ocuk Korosu\u2019nun konseri ile ba\u015flayan etkinlik, Arkhe Drama G\u00f6sterisi, Kukla \u00c7illi \u015eov, Kent Konseyi Kad\u0131n Harmandal\u0131 g\u00f6sterisi ve Makedonyal\u0131lar Derne\u011fi\u2019nin \u00f6zel sunumlar\u0131yla devam etti. Minikler ayr\u0131ca \u015fi\u015fme oyun alanlar\u0131, halat \u00e7ekme ve ip atlama gibi e\u011flenceli spor aktiviteleri ile keyifli vakit ge\u00e7irdi. Etkinlik alan\u0131nda \u00e7ocuklara \u00fccretsiz patlam\u0131\u015f m\u0131s\u0131r, pamuk \u015feker ile \u00e7e\u015fitli ikram da\u011f\u0131t\u0131m\u0131 yap\u0131ld\u0131.<br \/>\n<br \/>Etkinli\u011fe Yunusemre Belediyesi Ba\u015fkan Yard\u0131mc\u0131lar\u0131 Hakan G\u00fcrtunca ve Emine \u00d6zge Arslan da kat\u0131larak \u00e7ocuklar\u0131n co\u015fkusuna ortak oldu.<br \/>\n<br \/>Programda \u00e7ocuklara ve ailelerine seslenen Yunusemre Belediye Ba\u015fkan Yard\u0131mc\u0131s\u0131 Hakan G\u00fcrtunca, &#8220;Cumhuriyet;  \u00f6zg\u00fcrl\u00fck, geli\u015fmek ve \u00e7ok \u00e7al\u0131\u015fmakt\u0131r. Bizler de B\u00fcy\u00fck\u015fehir Belediye Ba\u015fkan\u0131m\u0131z Say\u0131n Besim Dutlulu ve Yunusemre Belediye Ba\u015fkan\u0131m\u0131z Say\u0131n Semih Balaban\u2019\u0131n \u00f6nerisiyle, \u015fehir merkezindeki \u00e7ocuklar\u0131m\u0131z Cumhuriyet co\u015fkusunu nas\u0131l ya\u015f\u0131yorsa, Yuntda\u011f\u0131\u2019ndaki \u00e7ocuklar\u0131m\u0131z da ayn\u0131 co\u015fkuyla kutlas\u0131nlar istedik. \u00c7\u00fcnk\u00fc bu \u00fclkeyi sizler y\u00f6neteceksiniz. Sizlere derslerinizde ba\u015far\u0131lar diliyorum. Cumhuriyet Bayram\u0131m\u0131z kutlu olsun&#8221; dedi.<br \/><\/p>\n","protected":false},"excerpt":{"rendered":"<p>Cumhuriyetin ilan\u0131n\u0131n 102. y\u0131l\u0131, Yunusemre\u2019de b\u00fcy\u00fck bir co\u015fkuyla kutland\u0131. Ortak\u00f6y Mesire Alan\u0131\u2019nda d\u00fczenlenen etkinli\u011fe y\u00fczlerce \u00e7ocuk kat\u0131larak g\u00f6n\u00fcllerince e\u011flendi. Manisa B\u00fcy\u00fck\u015fehir Belediyesi, Yunusemre Belediyesi ve \u015eehzadeler Belediyesi i\u015fbirli\u011fiyle Cumhuriyetimizin 102. Y\u0131l\u0131 \u00e7ocuklara arma\u011fan edece\u011fi \u00f6zel bir etkinlikle kutland\u0131. Ortak\u00f6y Mesire Alan\u0131\u2019nda \u00c7ocuk Korosu\u2019nun konseri ile ba\u015flayan etkinlik, Arkhe Drama G\u00f6sterisi, Kukla \u00c7illi \u015eov, Kent Konseyi&#8230;<\/p>\n","protected":false},"author":1,"featured_media":64105,"comment_status":"open","ping_status":"open","sticky":false,"template":"","format":"standard","meta":{"_crdt_document":"","footnotes":""},"categories":[1],"tags":[],"class_list":["post-64104","post","type-post","status-publish","format-standard","has-post-thumbnail","hentry","category-guncel"],"_links":{"self":[{"href":"https:\/\/www.egemtv.com\/index.php?rest_route=\/wp\/v2\/posts\/64104","targetHints":{"allow":["GET"]}}],"collection":[{"href":"https:\/\/www.egemtv.com\/index.php?rest_route=\/wp\/v2\/posts"}],"about":[{"href":"https:\/\/www.egemtv.com\/index.php?rest_route=\/wp\/v2\/types\/post"}],"author":[{"embeddable":true,"href":"https:\/\/www.egemtv.com\/index.php?rest_route=\/wp\/v2\/users\/1"}],"replies":[{"embeddable":true,"href":"https:\/\/www.egemtv.com\/index.php?rest_route=%2Fwp%2Fv2%2Fcomments&post=64104"}],"version-history":[{"count":1,"href":"https:\/\/www.egemtv.com\/index.php?rest_route=\/wp\/v2\/posts\/64104\/revisions"}],"predecessor-version":[{"id":64106,"href":"https:\/\/www.egemtv.com\/index.php?rest_route=\/wp\/v2\/posts\/64104\/revisions\/64106"}],"wp:featuredmedia":[{"embeddable":true,"href":"https:\/\/www.egemtv.com\/index.php?rest_route=\/wp\/v2\/media\/64105"}],"wp:attachment":[{"href":"https:\/\/www.egemtv.com\/index.php?rest_route=%2Fwp%2Fv2%2Fmedia&parent=64104"}],"wp:term":[{"taxonomy":"category","embeddable":true,"href":"https:\/\/www.egemtv.com\/index.php?rest_route=%2Fwp%2Fv2%2Fcategories&post=64104"},{"taxonomy":"post_tag","embeddable":true,"href":"https:\/\/www.egemtv.com\/index.php?rest_route=%2Fwp%2Fv2%2Ftags&post=64104"}],"curies":[{"name":"wp","href":"https:\/\/api.w.org\/{rel}","templated":true}]}}