{"id":64101,"date":"2025-10-27T14:35:43","date_gmt":"2025-10-27T11:35:43","guid":{"rendered":"https:\/\/www.egemtv.com\/?p=64101"},"modified":"2025-10-27T14:35:49","modified_gmt":"2025-10-27T11:35:49","slug":"mugla-buyuksehir-kent-diplomasisine-yon-veriyor","status":"publish","type":"post","link":"https:\/\/www.egemtv.com\/?p=64101","title":{"rendered":"Mu\u011fla B\u00fcy\u00fck\u015fehir Kent Diplomasisine y\u00f6n veriyor"},"content":{"rendered":"<p>Mu\u011fla B\u00fcy\u00fck\u015fehir Belediyesi taraf\u0131ndan d\u00fczenlenen &#8220;Mu\u011fla Kent Diplomasisi ve Uluslararas\u0131 Projeler B\u00fcy\u00fck\u015fehir Belediyeleri Toplant\u0131s\u0131&#8221; 25-26 Ekim 2025 tarihlerinde Akyaka\u2019da ger\u00e7ekle\u015ftirildi.<br \/>\n<br \/>\u0130ki g\u00fcn s\u00fcren toplant\u0131da, b\u00fcy\u00fck\u015fehir belediyelerinin uluslararas\u0131 alandaki i\u015f birlikleri, kent diplomasisinin yeni y\u00f6nelimleri ve yerel y\u00f6netimlerin k\u00fcresel fon kaynaklar\u0131na eri\u015fim stratejileri ele al\u0131nd\u0131.<br \/>\n<br \/>Toplant\u0131ya Ankara, Antalya, Bal\u0131kesir, Bursa, Denizli, Erzurum, Eski\u015fehir, \u0130stanbul, \u0130zmir, Kahramanmara\u015f, Malatya, Manisa, Mersin ve \u015eanl\u0131urfa B\u00fcy\u00fck\u015fehir Belediyelerinin ilgili daire ba\u015fkanl\u0131klar\u0131ndan temsilciler kat\u0131ld\u0131. Ayr\u0131ca Mu\u011fla S\u0131tk\u0131 Ko\u00e7man \u00dcniversitesi, D\u0131\u015fi\u015fleri Bakanl\u0131\u011f\u0131 Avrupa Birli\u011fi Ba\u015fkanl\u0131\u011f\u0131 \u0130zmir Temsilcili\u011fi, MUSK\u0130 ve Bodrum, Fethiye, Kavakl\u0131dere, K\u00f6yce\u011fiz, Marmaris ve Mente\u015fe belediyelerinin yetkilileri de toplant\u0131da yer ald\u0131.<br \/>\n<br \/>Kent diplomasisinde yeni perspektifler m\u00fcnazara edildi<br \/>\n<br \/>Toplant\u0131n\u0131n ilk g\u00fcn\u00fc, \u201821. Y\u00fczy\u0131lda Diplomasiyi Yeniden Tan\u0131mlamak: Kent Diplomasisi ve \u00d6nemi\u2019, \u2018Yerel Y\u00f6netimlerde D\u0131\u015f \u0130li\u015fkiler Birimlerinin Etkisi ve Uluslararas\u0131 \u0130\u015f Birli\u011fi Stratejileri\u2019 ve \u2018Uluslararas\u0131 \u0130li\u015fkilerde Yumu\u015fak G\u00fc\u00e7 Kavram\u0131 ve Kamu Diplomasisi\u2019 ba\u015fl\u0131kl\u0131 oturumlarla ba\u015flad\u0131.<br \/>\n<br \/>\u0130kinci g\u00fcn ise, \u2018Yerel Y\u00f6netimlerin Faydalanabilece\u011fi Fon \u0130mk\u00e2nlar\u0131\u2019 ve \u2018Yerel Y\u00f6netimlerde Yerli ve Yabanc\u0131 Finansmana Eri\u015fim\u2019 temalar\u0131 interaktif sunumlarla ele al\u0131nd\u0131.<br \/>\n<br \/>Dengiz: &#8220;Her yapt\u0131\u011f\u0131m\u0131z etkinlikte Mu\u011fla\u2019y\u0131 temsil ediyoruz&#8221;<br \/>\n<br \/>Mu\u011fla B\u00fcy\u00fck\u015fehir Belediyesi D\u0131\u015f \u0130li\u015fkiler Dairesi Ba\u015fkan\u0131 Celal Cem Dengiz, &#8220;Programdaki temel amac\u0131m\u0131z, T\u00fcrkiye genelindeki d\u0131\u015f ili\u015fkiler dairelerinin bu zamana kadar ortaya koydu\u011fu en ba\u015far\u0131l\u0131 \u00f6rnekleri bir araya getirmek ve tecr\u00fcbelerden faydalanmak. Her ne kadar biz yerel y\u00f6netimler olsak da yurt d\u0131\u015f\u0131nda yapt\u0131\u011f\u0131m\u0131z etkinliklerde \u00fclkemizi temsil ediyoruz. Mu\u011fla B\u00fcy\u00fck\u015fehir Belediye Ba\u015fkan\u0131m\u0131z\u0131n \u2018D\u00fcnya Kenti Mu\u011fla\u2019 vizyonunun iki ba\u015fl\u0131\u011f\u0131 var: \u0130lki Mu\u011fla\u2019y\u0131 d\u00fcnyaya tan\u0131tabilmek, ikincisi ise d\u00fcnyan\u0131n en iyi \u00f6rneklerini Mu\u011fla\u2019ya getirebilmek&#8221; dedi.<br \/>\n<br \/>Genel Sekreter Y\u0131lmaz: &#8220;Hedefimiz Mu\u011fla\u2019y\u0131 k\u00fcresele uzanan g\u00fc\u00e7l\u00fc ortakl\u0131klarla gelece\u011fe ta\u015f\u0131mak&#8221;<br \/>\n<br \/>Mu\u011fla B\u00fcy\u00fck\u015fehir Belediyesi Genel Sekreteri Tayfun Y\u0131lmaz,  &#8220;Hedefimiz net: Mu\u011fla\u2019n\u0131n do\u011fas\u0131n\u0131, k\u00fclt\u00fcr\u00fcn\u00fc ve insan\u0131n\u0131 yerelden k\u00fcresele uzanan g\u00fc\u00e7l\u00fc ortakl\u0131klarla gelece\u011fe ta\u015f\u0131mak. Bu verimli bulu\u015fmaya katk\u0131 veren t\u00fcm payda\u015flara te\u015fekk\u00fcr ederim. \u00c7al\u0131\u015fmalar\u0131m\u0131z\u0131 \u015feffafl\u0131k, liyakat ve kamusal fayda ilkeleriyle s\u00fcrd\u00fcrece\u011fiz&#8221; dedi.<br \/>\n<br \/>Ba\u015fkan Aras: &#8220;Mu\u011fla\u2019dan D\u00fcnyaya uzanan bir diplomasi k\u00f6pr\u00fcs\u00fc kurmay\u0131 hedefliyoruz&#8221;<br \/>\n<br \/>K\u0131y\u0131 Ege Belediyeler Birli\u011fi ve Mu\u011fla B\u00fcy\u00fck\u015fehir Belediye Ba\u015fkan\u0131 Ahmet Aras, Mu\u011fla Kent Diplomasisi ve Uluslararas\u0131 Projeler B\u00fcy\u00fck\u015fehir Belediyeleri Toplant\u0131s\u0131 hakk\u0131nda g\u00f6r\u00fc\u015flerini belirterek \u015f\u00f6yle konu\u015ftu: &#8220;Kent diplomasisi art\u0131k sadece \u015fehirlerin d\u0131\u015f ili\u015fkilerini y\u00fcr\u00fctmekle s\u0131n\u0131rl\u0131 de\u011fil; ayn\u0131 zamanda k\u00fclt\u00fcrel, ekonomik, \u00e7evresel ve insani de\u011ferlerin d\u00fcnyayla payla\u015f\u0131lmas\u0131n\u0131 sa\u011flayan yeni bir anlay\u0131\u015f\u0131 temsil ediyor. Mu\u011fla olarak biz de bu vizyonla hareket ediyoruz. Kentimizin do\u011fas\u0131n\u0131, tarihini, k\u00fclt\u00fcr\u00fcn\u00fc ve insan\u0131n\u0131 koruyarak d\u00fcnya kentleriyle g\u00fc\u00e7l\u00fc ortakl\u0131klar kurmak istiyoruz. Mu\u011fla, sahip oldu\u011fu potansiyel ve evrensel de\u011ferlere olan ba\u011fl\u0131l\u0131\u011f\u0131yla yerelden k\u00fcresele uzanan bir diplomasi dili geli\u015ftirebilecek g\u00fc\u00e7te bir \u015fehir. Bu t\u00fcr organizasyonlar, yerel y\u00f6netimlerin k\u00fcresel d\u00fczeyde daha etkin olmas\u0131na katk\u0131 sa\u011fl\u0131yor. Bu anlay\u0131\u015fla biz de Mu\u011fla\u2019dan d\u00fcnyaya uzanan bir diplomasi k\u00f6pr\u00fcs\u00fc kurmay\u0131 hedefliyoruz&#8221; dedi.<br \/><\/p>\n","protected":false},"excerpt":{"rendered":"<p>Mu\u011fla B\u00fcy\u00fck\u015fehir Belediyesi taraf\u0131ndan d\u00fczenlenen &#8220;Mu\u011fla Kent Diplomasisi ve Uluslararas\u0131 Projeler B\u00fcy\u00fck\u015fehir Belediyeleri Toplant\u0131s\u0131&#8221; 25-26 Ekim 2025 tarihlerinde Akyaka\u2019da ger\u00e7ekle\u015ftirildi. \u0130ki g\u00fcn s\u00fcren toplant\u0131da, b\u00fcy\u00fck\u015fehir belediyelerinin uluslararas\u0131 alandaki i\u015f birlikleri, kent diplomasisinin yeni y\u00f6nelimleri ve yerel y\u00f6netimlerin k\u00fcresel fon kaynaklar\u0131na eri\u015fim stratejileri ele al\u0131nd\u0131. Toplant\u0131ya Ankara, Antalya, Bal\u0131kesir, Bursa, Denizli, Erzurum, Eski\u015fehir, \u0130stanbul, \u0130zmir, Kahramanmara\u015f,&#8230;<\/p>\n","protected":false},"author":1,"featured_media":64102,"comment_status":"open","ping_status":"open","sticky":false,"template":"","format":"standard","meta":{"_crdt_document":"","footnotes":""},"categories":[1],"tags":[],"class_list":["post-64101","post","type-post","status-publish","format-standard","has-post-thumbnail","hentry","category-guncel"],"_links":{"self":[{"href":"https:\/\/www.egemtv.com\/index.php?rest_route=\/wp\/v2\/posts\/64101","targetHints":{"allow":["GET"]}}],"collection":[{"href":"https:\/\/www.egemtv.com\/index.php?rest_route=\/wp\/v2\/posts"}],"about":[{"href":"https:\/\/www.egemtv.com\/index.php?rest_route=\/wp\/v2\/types\/post"}],"author":[{"embeddable":true,"href":"https:\/\/www.egemtv.com\/index.php?rest_route=\/wp\/v2\/users\/1"}],"replies":[{"embeddable":true,"href":"https:\/\/www.egemtv.com\/index.php?rest_route=%2Fwp%2Fv2%2Fcomments&post=64101"}],"version-history":[{"count":1,"href":"https:\/\/www.egemtv.com\/index.php?rest_route=\/wp\/v2\/posts\/64101\/revisions"}],"predecessor-version":[{"id":64103,"href":"https:\/\/www.egemtv.com\/index.php?rest_route=\/wp\/v2\/posts\/64101\/revisions\/64103"}],"wp:featuredmedia":[{"embeddable":true,"href":"https:\/\/www.egemtv.com\/index.php?rest_route=\/wp\/v2\/media\/64102"}],"wp:attachment":[{"href":"https:\/\/www.egemtv.com\/index.php?rest_route=%2Fwp%2Fv2%2Fmedia&parent=64101"}],"wp:term":[{"taxonomy":"category","embeddable":true,"href":"https:\/\/www.egemtv.com\/index.php?rest_route=%2Fwp%2Fv2%2Fcategories&post=64101"},{"taxonomy":"post_tag","embeddable":true,"href":"https:\/\/www.egemtv.com\/index.php?rest_route=%2Fwp%2Fv2%2Ftags&post=64101"}],"curies":[{"name":"wp","href":"https:\/\/api.w.org\/{rel}","templated":true}]}}