{"id":64098,"date":"2025-10-27T14:35:37","date_gmt":"2025-10-27T11:35:37","guid":{"rendered":"https:\/\/www.egemtv.com\/?p=64098"},"modified":"2025-10-27T14:35:41","modified_gmt":"2025-10-27T11:35:41","slug":"buharkentte-ureticiler-tarim-sigortasi-konusunda-bilgilendirildi","status":"publish","type":"post","link":"https:\/\/www.egemtv.com\/?p=64098","title":{"rendered":"Buharkent\u2019te \u00fcreticiler tar\u0131m sigortas\u0131 konusunda bilgilendirildi"},"content":{"rendered":"<p>Buharkent \u0130l\u00e7e Tar\u0131m ve Orman M\u00fcd\u00fcrl\u00fc\u011f\u00fc, \u00fcreticilerin do\u011fal afetlere kar\u015f\u0131 korunmas\u0131 ve bilin\u00e7li sigorta yapt\u0131rmas\u0131 i\u00e7in Devlet Destekli Tar\u0131m Sigortalar\u0131 konusunda \u00fcreticileri bilgilendirdi.<br \/>\n<br \/>Buharkent \u0130l\u00e7e Tar\u0131m ve Orman M\u00fcd\u00fcrl\u00fc\u011f\u00fc, \u00fcreticilerin Devlet Destekli Tar\u0131m Sigortalar\u0131 hakk\u0131nda fark\u0131ndal\u0131\u011f\u0131n\u0131 art\u0131rmak amac\u0131yla bilgilendirme \u00e7al\u0131\u015fmalar\u0131n\u0131 s\u00fcrd\u00fcr\u00fcyor. \u0130l\u00e7e M\u00fcd\u00fcrl\u00fc\u011f\u00fc binas\u0131nda olu\u015fturulan Tar\u0131m Sigortas\u0131 Bilgilendirme Masas\u0131nda, teknik personeller taraf\u0131ndan \u00fcreticilere poli\u00e7e kapsamlar\u0131, devlet destek oranlar\u0131 ve sigorta yapt\u0131rman\u0131n \u00f6nemi hakk\u0131nda detayl\u0131 bilgiler veriliyor. Y\u00fcr\u00fct\u00fclen \u00e7al\u0131\u015fmalar kapsam\u0131nda, &#8220;Gelecek Tar\u0131ms\u0131z, Tar\u0131m Sigortas\u0131z Olmaz&#8221; anlay\u0131\u015f\u0131yla \u00fcreticilerin do\u011fal afetler ve olumsuz iklim \u015fartlar\u0131na kar\u015f\u0131 g\u00fcvence alt\u0131na al\u0131nmas\u0131 hedefleniyor.<br \/>\n<br \/>Buharkent \u0130l\u00e7e Tar\u0131m ve Orman M\u00fcd\u00fcrl\u00fc\u011f\u00fc, \u00fcreticilerin sigorta primlerinin \u00f6nemli bir k\u0131sm\u0131n\u0131n devlet taraf\u0131ndan kar\u015f\u0131land\u0131\u011f\u0131n\u0131 hat\u0131rlatarak, tar\u0131msal \u00fcretimde s\u00fcrd\u00fcr\u00fclebilirli\u011fin sa\u011flanmas\u0131 i\u00e7in tar\u0131m sigortas\u0131n\u0131n \u00f6nemine vurgu yaparken, a\u00e7\u0131klamas\u0131nda &#8220;\u0130l\u00e7emizde olu\u015fturulan Tar\u0131m Sigortas\u0131 Bilgilendirme Masas\u0131nda, \u00fcreticilerimizin Devlet Destekli Tar\u0131m Sigortalar\u0131 konusunda bilin\u00e7lenmesi ad\u0131na teknik personellerimiz taraf\u0131ndan bilgilendirme \u00e7al\u0131\u015fmalar\u0131 devam ediyor&#8221; ifadeleri yer ald\u0131.<br \/><\/p>\n","protected":false},"excerpt":{"rendered":"<p>Buharkent \u0130l\u00e7e Tar\u0131m ve Orman M\u00fcd\u00fcrl\u00fc\u011f\u00fc, \u00fcreticilerin do\u011fal afetlere kar\u015f\u0131 korunmas\u0131 ve bilin\u00e7li sigorta yapt\u0131rmas\u0131 i\u00e7in Devlet Destekli Tar\u0131m Sigortalar\u0131 konusunda \u00fcreticileri bilgilendirdi. Buharkent \u0130l\u00e7e Tar\u0131m ve Orman M\u00fcd\u00fcrl\u00fc\u011f\u00fc, \u00fcreticilerin Devlet Destekli Tar\u0131m Sigortalar\u0131 hakk\u0131nda fark\u0131ndal\u0131\u011f\u0131n\u0131 art\u0131rmak amac\u0131yla bilgilendirme \u00e7al\u0131\u015fmalar\u0131n\u0131 s\u00fcrd\u00fcr\u00fcyor. \u0130l\u00e7e M\u00fcd\u00fcrl\u00fc\u011f\u00fc binas\u0131nda olu\u015fturulan Tar\u0131m Sigortas\u0131 Bilgilendirme Masas\u0131nda, teknik personeller taraf\u0131ndan \u00fcreticilere poli\u00e7e kapsamlar\u0131,&#8230;<\/p>\n","protected":false},"author":1,"featured_media":64099,"comment_status":"open","ping_status":"open","sticky":false,"template":"","format":"standard","meta":{"_crdt_document":"","footnotes":""},"categories":[1],"tags":[],"class_list":["post-64098","post","type-post","status-publish","format-standard","has-post-thumbnail","hentry","category-guncel"],"_links":{"self":[{"href":"https:\/\/www.egemtv.com\/index.php?rest_route=\/wp\/v2\/posts\/64098","targetHints":{"allow":["GET"]}}],"collection":[{"href":"https:\/\/www.egemtv.com\/index.php?rest_route=\/wp\/v2\/posts"}],"about":[{"href":"https:\/\/www.egemtv.com\/index.php?rest_route=\/wp\/v2\/types\/post"}],"author":[{"embeddable":true,"href":"https:\/\/www.egemtv.com\/index.php?rest_route=\/wp\/v2\/users\/1"}],"replies":[{"embeddable":true,"href":"https:\/\/www.egemtv.com\/index.php?rest_route=%2Fwp%2Fv2%2Fcomments&post=64098"}],"version-history":[{"count":1,"href":"https:\/\/www.egemtv.com\/index.php?rest_route=\/wp\/v2\/posts\/64098\/revisions"}],"predecessor-version":[{"id":64100,"href":"https:\/\/www.egemtv.com\/index.php?rest_route=\/wp\/v2\/posts\/64098\/revisions\/64100"}],"wp:featuredmedia":[{"embeddable":true,"href":"https:\/\/www.egemtv.com\/index.php?rest_route=\/wp\/v2\/media\/64099"}],"wp:attachment":[{"href":"https:\/\/www.egemtv.com\/index.php?rest_route=%2Fwp%2Fv2%2Fmedia&parent=64098"}],"wp:term":[{"taxonomy":"category","embeddable":true,"href":"https:\/\/www.egemtv.com\/index.php?rest_route=%2Fwp%2Fv2%2Fcategories&post=64098"},{"taxonomy":"post_tag","embeddable":true,"href":"https:\/\/www.egemtv.com\/index.php?rest_route=%2Fwp%2Fv2%2Ftags&post=64098"}],"curies":[{"name":"wp","href":"https:\/\/api.w.org\/{rel}","templated":true}]}}