{"id":64095,"date":"2025-10-27T14:16:08","date_gmt":"2025-10-27T11:16:08","guid":{"rendered":"https:\/\/www.egemtv.com\/?p=64095"},"modified":"2025-10-27T14:16:12","modified_gmt":"2025-10-27T11:16:12","slug":"manisa-kamp-karavan-dernegi-uyeleri-kula-jeoparkini-gezdi","status":"publish","type":"post","link":"https:\/\/www.egemtv.com\/?p=64095","title":{"rendered":"Manisa Kamp Karavan Derne\u011fi \u00fcyeleri Kula Jeopark\u0131\u2019n\u0131 gezdi"},"content":{"rendered":"<p>Manisa Kamp Karavan Derne\u011fi (MAKKDER) \u00fcyeleri, karavanlar\u0131yla Kula il\u00e7esine gelerek Kula Jeopark\u0131 alan\u0131nda iki g\u00fcn s\u00fcren kamp etkinli\u011fi ger\u00e7ekle\u015ftirdi.<br \/>\n<br \/>Jeopark alan\u0131nda konaklayan dernek \u00fcyeleri, Kula\u2019n\u0131n tarihi ve do\u011fal g\u00fczelliklerini gezerek il\u00e7enin turistik alanlar\u0131n\u0131 yerinde inceleme f\u0131rsat\u0131 buldu. Etkinlik kapsam\u0131nda, Pazar sabah\u0131 \u00e7evreye duyarl\u0131l\u0131k olu\u015fturmak amac\u0131yla \u00e7\u00f6p toplama etkinli\u011fi d\u00fczenlendi. Ger\u00e7ekle\u015ftirilen \u00e7evre temizlik etkinli\u011fine, Cumhuriyet Halk Partisi (CHP) Kula \u0130l\u00e7e Ba\u015fkan\u0131 Esen \u00c7\u0131nar ve y\u00f6netim kurulu \u00fcyeleri de kat\u0131larak destek verdi. Etkinli\u011fin planlanmas\u0131 ve organizasyonunda MAKKDER Kula Temsilcisi Hur\u015fit Cevahir\u2019in b\u00fcy\u00fck eme\u011fi bulundu. Dernek \u00fcyeleri, Cevahir\u2019in rehberli\u011finde Kula\u2019n\u0131n tarihi sokaklar\u0131n\u0131, volkanik jeopark alanlar\u0131n\u0131 ve do\u011fal g\u00fczelliklerini gezdi.<br \/>\n<br \/>MAKKDER Ba\u015fkan\u0131 Ali Yerkikaya, etkinlik hakk\u0131nda yapt\u0131\u011f\u0131 a\u00e7\u0131klamada \u015funlar\u0131 s\u00f6yledi: &#8220;Dernek olarak farkl\u0131 b\u00f6lgelerde \u00e7e\u015fitli etkinlikler d\u00fczenliyoruz. Bu kez rotam\u0131z\u0131 tarihi il\u00e7emiz Kula\u2019ya \u00e7evirdik. \u0130ki g\u00fcn boyunca karavanlar\u0131m\u0131zla konaklad\u0131k, il\u00e7emizin do\u011fal ve k\u00fclt\u00fcrel zenginliklerini gezdik. Etkinli\u011fimizin sonunda ise arkada\u015flar\u0131m\u0131zla birlikte \u00e7\u00f6p toplayarak \u00e7evre temizli\u011fi konusunda fark\u0131ndal\u0131k olu\u015fturmak istedik. Bizleri yaln\u0131z b\u0131rakmayan CHP \u0130l\u00e7e Ba\u015fkan\u0131 Esen \u00c7\u0131nar ve ekibine, ayr\u0131ca Kula-Salihli UNESCO Global Jeopark \u00e7al\u0131\u015fanlar\u0131 M\u00fchendis Yi\u011fit Karakuzu ve Ali Karata\u015f\u2019a te\u015fekk\u00fcr ediyorum.&#8221;<br \/>\n<br \/>Etkinli\u011fe kat\u0131lan CHP Kula \u0130l\u00e7e Ba\u015fkan\u0131 Esen \u00c7\u0131nar ise, Kula\u2019n\u0131n tan\u0131t\u0131m\u0131na katk\u0131 sa\u011flayan dernek \u00fcyelerine te\u015fekk\u00fcr ederek \u015fu ifadeleri kulland\u0131: &#8220;Kula\u2019m\u0131z\u0131n tarihi, do\u011fal ve k\u00fclt\u00fcrel g\u00fczelliklerini tan\u0131tmak hepimizin g\u00f6revi. Manisa Kamp Karavan Derne\u011fi \u00fcyelerimizin il\u00e7emizi tercih etmeleri, burada kamp yaparak \u00e7evre temizli\u011fi etkinli\u011fi d\u00fczenlemeleri bizleri \u00e7ok memnun etti. Katk\u0131lar\u0131ndan dolay\u0131 t\u00fcm dernek \u00fcyelerine te\u015fekk\u00fcr ediyoruz.&#8221;<br \/>\n<br \/>Manisa Kamp Karavan Derne\u011fi \u00fcyeleri, Kula\u2019daki kamp etkinliklerinin ard\u0131ndan il\u00e7eden ayr\u0131l\u0131rken Kula Jeopark\u0131\u2019n\u0131n do\u011fal g\u00fczelliklerine hayran kald\u0131klar\u0131n\u0131 belirttiler. Dernek \u00fcyeleri, ilerleyen d\u00f6nemlerde Kula\u2019ya tekrar gelerek yeni etkinlikler d\u00fczenlemeyi planlad\u0131klar\u0131n\u0131 ifade ettiler.<br \/><\/p>\n","protected":false},"excerpt":{"rendered":"<p>Manisa Kamp Karavan Derne\u011fi (MAKKDER) \u00fcyeleri, karavanlar\u0131yla Kula il\u00e7esine gelerek Kula Jeopark\u0131 alan\u0131nda iki g\u00fcn s\u00fcren kamp etkinli\u011fi ger\u00e7ekle\u015ftirdi. Jeopark alan\u0131nda konaklayan dernek \u00fcyeleri, Kula\u2019n\u0131n tarihi ve do\u011fal g\u00fczelliklerini gezerek il\u00e7enin turistik alanlar\u0131n\u0131 yerinde inceleme f\u0131rsat\u0131 buldu. Etkinlik kapsam\u0131nda, Pazar sabah\u0131 \u00e7evreye duyarl\u0131l\u0131k olu\u015fturmak amac\u0131yla \u00e7\u00f6p toplama etkinli\u011fi d\u00fczenlendi. Ger\u00e7ekle\u015ftirilen \u00e7evre temizlik etkinli\u011fine, Cumhuriyet Halk&#8230;<\/p>\n","protected":false},"author":1,"featured_media":64096,"comment_status":"open","ping_status":"open","sticky":false,"template":"","format":"standard","meta":{"_crdt_document":"","footnotes":""},"categories":[1],"tags":[],"class_list":["post-64095","post","type-post","status-publish","format-standard","has-post-thumbnail","hentry","category-guncel"],"_links":{"self":[{"href":"https:\/\/www.egemtv.com\/index.php?rest_route=\/wp\/v2\/posts\/64095","targetHints":{"allow":["GET"]}}],"collection":[{"href":"https:\/\/www.egemtv.com\/index.php?rest_route=\/wp\/v2\/posts"}],"about":[{"href":"https:\/\/www.egemtv.com\/index.php?rest_route=\/wp\/v2\/types\/post"}],"author":[{"embeddable":true,"href":"https:\/\/www.egemtv.com\/index.php?rest_route=\/wp\/v2\/users\/1"}],"replies":[{"embeddable":true,"href":"https:\/\/www.egemtv.com\/index.php?rest_route=%2Fwp%2Fv2%2Fcomments&post=64095"}],"version-history":[{"count":1,"href":"https:\/\/www.egemtv.com\/index.php?rest_route=\/wp\/v2\/posts\/64095\/revisions"}],"predecessor-version":[{"id":64097,"href":"https:\/\/www.egemtv.com\/index.php?rest_route=\/wp\/v2\/posts\/64095\/revisions\/64097"}],"wp:featuredmedia":[{"embeddable":true,"href":"https:\/\/www.egemtv.com\/index.php?rest_route=\/wp\/v2\/media\/64096"}],"wp:attachment":[{"href":"https:\/\/www.egemtv.com\/index.php?rest_route=%2Fwp%2Fv2%2Fmedia&parent=64095"}],"wp:term":[{"taxonomy":"category","embeddable":true,"href":"https:\/\/www.egemtv.com\/index.php?rest_route=%2Fwp%2Fv2%2Fcategories&post=64095"},{"taxonomy":"post_tag","embeddable":true,"href":"https:\/\/www.egemtv.com\/index.php?rest_route=%2Fwp%2Fv2%2Ftags&post=64095"}],"curies":[{"name":"wp","href":"https:\/\/api.w.org\/{rel}","templated":true}]}}