{"id":64092,"date":"2025-10-27T14:15:54","date_gmt":"2025-10-27T11:15:54","guid":{"rendered":"https:\/\/www.egemtv.com\/?p=64092"},"modified":"2025-10-27T14:16:03","modified_gmt":"2025-10-27T11:16:03","slug":"bakan-yardimcisi-gumenin-annesi-topraga-verildi","status":"publish","type":"post","link":"https:\/\/www.egemtv.com\/?p=64092","title":{"rendered":"Bakan Yard\u0131mc\u0131s\u0131 G\u00fcmen\u2019in annesi topra\u011fa verildi"},"content":{"rendered":"<p>Tar\u0131m ve Orman Bakan Yard\u0131mc\u0131s\u0131 Prof. Dr. Ahmet G\u00fcmen\u2019in annesi \u015eeng\u00fcl \u00d6zkan, Tar\u0131m ve Orman Bakan\u0131 \u0130brahim Yumakl\u0131\u2019n\u0131n kat\u0131l\u0131m\u0131yla son yolculu\u011funa u\u011furland\u0131.<br \/>\n<br \/>Tar\u0131m ve Orman Bakan Yard\u0131mc\u0131s\u0131 Prof. Dr. Ahmet G\u00fcmen\u2019in Burdur Devlet Hastanesi\u2019nde aya\u011f\u0131ndaki rahats\u0131zl\u0131k nedeniyle tedavi g\u00f6ren annesi \u015eeng\u00fcl \u00d6zkan (74) , d\u00fcn kalp krizi ge\u00e7irdi. Sa\u011fl\u0131k ekipleri taraf\u0131ndan yap\u0131lan m\u00fcdahaleye ra\u011fmen hayat\u0131n\u0131 kaybeden \u00d6zkan, bug\u00fcn D\u00fc\u011fer K\u00f6y\u00fc\u2019nde \u00f6\u011fle namaz\u0131na m\u00fcteakip k\u0131l\u0131nan cenaze namaz\u0131n\u0131n ard\u0131ndan topra\u011fa verildi.<br \/>\n<br \/>Cenazeye, Tar\u0131m ve Orman Bakan\u0131 \u0130brahim Yumakl\u0131, milletvekilleri ve vatanda\u015flar kat\u0131ld\u0131.<br \/><\/p>\n","protected":false},"excerpt":{"rendered":"<p>Tar\u0131m ve Orman Bakan Yard\u0131mc\u0131s\u0131 Prof. Dr. Ahmet G\u00fcmen\u2019in annesi \u015eeng\u00fcl \u00d6zkan, Tar\u0131m ve Orman Bakan\u0131 \u0130brahim Yumakl\u0131\u2019n\u0131n kat\u0131l\u0131m\u0131yla son yolculu\u011funa u\u011furland\u0131. Tar\u0131m ve Orman Bakan Yard\u0131mc\u0131s\u0131 Prof. Dr. Ahmet G\u00fcmen\u2019in Burdur Devlet Hastanesi\u2019nde aya\u011f\u0131ndaki rahats\u0131zl\u0131k nedeniyle tedavi g\u00f6ren annesi \u015eeng\u00fcl \u00d6zkan (74) , d\u00fcn kalp krizi ge\u00e7irdi. Sa\u011fl\u0131k ekipleri taraf\u0131ndan yap\u0131lan m\u00fcdahaleye ra\u011fmen hayat\u0131n\u0131&#8230;<\/p>\n","protected":false},"author":1,"featured_media":64093,"comment_status":"open","ping_status":"open","sticky":false,"template":"","format":"standard","meta":{"_crdt_document":"","footnotes":""},"categories":[1],"tags":[],"class_list":["post-64092","post","type-post","status-publish","format-standard","has-post-thumbnail","hentry","category-guncel"],"_links":{"self":[{"href":"https:\/\/www.egemtv.com\/index.php?rest_route=\/wp\/v2\/posts\/64092","targetHints":{"allow":["GET"]}}],"collection":[{"href":"https:\/\/www.egemtv.com\/index.php?rest_route=\/wp\/v2\/posts"}],"about":[{"href":"https:\/\/www.egemtv.com\/index.php?rest_route=\/wp\/v2\/types\/post"}],"author":[{"embeddable":true,"href":"https:\/\/www.egemtv.com\/index.php?rest_route=\/wp\/v2\/users\/1"}],"replies":[{"embeddable":true,"href":"https:\/\/www.egemtv.com\/index.php?rest_route=%2Fwp%2Fv2%2Fcomments&post=64092"}],"version-history":[{"count":1,"href":"https:\/\/www.egemtv.com\/index.php?rest_route=\/wp\/v2\/posts\/64092\/revisions"}],"predecessor-version":[{"id":64094,"href":"https:\/\/www.egemtv.com\/index.php?rest_route=\/wp\/v2\/posts\/64092\/revisions\/64094"}],"wp:featuredmedia":[{"embeddable":true,"href":"https:\/\/www.egemtv.com\/index.php?rest_route=\/wp\/v2\/media\/64093"}],"wp:attachment":[{"href":"https:\/\/www.egemtv.com\/index.php?rest_route=%2Fwp%2Fv2%2Fmedia&parent=64092"}],"wp:term":[{"taxonomy":"category","embeddable":true,"href":"https:\/\/www.egemtv.com\/index.php?rest_route=%2Fwp%2Fv2%2Fcategories&post=64092"},{"taxonomy":"post_tag","embeddable":true,"href":"https:\/\/www.egemtv.com\/index.php?rest_route=%2Fwp%2Fv2%2Ftags&post=64092"}],"curies":[{"name":"wp","href":"https:\/\/api.w.org\/{rel}","templated":true}]}}