{"id":64089,"date":"2025-10-27T14:15:33","date_gmt":"2025-10-27T11:15:33","guid":{"rendered":"https:\/\/www.egemtv.com\/?p=64089"},"modified":"2025-10-27T14:15:46","modified_gmt":"2025-10-27T11:15:46","slug":"muglada-demokrasi-ve-felsefe-sempozyumu","status":"publish","type":"post","link":"https:\/\/www.egemtv.com\/?p=64089","title":{"rendered":"Mu\u011fla\u2019da \u2018Demokrasi ve Felsefe\u2019 sempozyumu"},"content":{"rendered":"<p>Mu\u011fla B\u00fcy\u00fck\u015fehir Belediyesi, Felsefe K\u00fclt\u00fcr Sanat Derne\u011fi, Mu\u011fla Felsefe ve Ya\u015fam Akademisi i\u015f birli\u011fi ile demokrasi kavram\u0131n\u0131 her y\u00f6n\u00fcyle ele alan sempozyum d\u00fczenledi. Sempozyum, Mu\u011fla B\u00fcy\u00fck\u015fehir Belediyesi, T\u00fcrkan Saylan \u00c7a\u011fda\u015f Ya\u015fam Merkezinde yap\u0131ld\u0131.<br \/>\n<br \/>Uzman isimler Mu\u011fla\u2019da bulu\u015ftu<br \/>\n<br \/>Mu\u011fla B\u00fcy\u00fck\u015fehir Belediyesi K\u00fclt\u00fcr, Sanat ve Sosyal \u0130\u015fler Dairesi Ba\u015fkan\u0131 H\u00fclya Muratl\u0131, &#8220;Felsefe K\u00fclt\u00fcr Sanat Derne\u011fi ile birlikte bu y\u0131l sempozyumun ikincisini d\u00fczenliyoruz. Ele ald\u0131\u011f\u0131m\u0131z ba\u015fl\u0131klar k\u00fclt\u00fcr\u00fcn ve felsefenin \u00f6z\u00fcn\u00fc olu\u015fturdu\u011fu gibi asl\u0131nda d\u00fcnyan\u0131n ve \u00fclkemizin en g\u00fcncel can damarlar\u0131na de\u011finiyor. Bulundu\u011fumuz dijital \u00e7a\u011fda k\u00fclt\u00fcr ve sanat maalesef ki pop\u00fcler k\u00fclt\u00fcre indirgendi. Mu\u011fla B\u00fcy\u00fck\u015fehir Belediyesi olarak k\u00fclt\u00fcr ve sanat anlam\u0131nda Felsefe ve Ya\u015fam Akademisi\u2019ni kurduk ve \u00e7al\u0131\u015fmalar\u0131m\u0131za da devam ediyoruz&#8221; dedi.<br \/>\n<br \/>FKSD Y\u00f6netim Kurulu Ba\u015fkan\u0131 Ali Apayd\u0131n, &#8220;Bug\u00fcn amac\u0131m\u0131z sadece bir kavram\u0131 anlamak de\u011fil i\u00e7inde ya\u015fad\u0131\u011f\u0131m\u0131z bu kriz an\u0131nda demokrasinin can damar\u0131n\u0131 olu\u015fturan demos kavram\u0131n\u0131 hepimize yeniden hat\u0131rlatmakt\u0131r. Demokratik bir sivil toplum \u00f6rg\u00fct\u00fc olarak d\u00fcnyada ve \u00fclkemizde \u00e7ok b\u00fcy\u00fck tehdit ve sald\u0131r\u0131lar alt\u0131nda olan demokrasiyi korumak noktas\u0131nda \u00e7ok \u015fey yapmam\u0131z gerekti\u011fi a\u00e7\u0131kt\u0131r&#8221; dedi<br \/>\n<br \/>Ba\u015fkan K\u00f6ksal Aras: &#8220;Felsefe, gelece\u011fi in\u015fa etmenin en sa\u011flam yolu&#8221;<br \/>\n<br \/>Mente\u015fe Belediye Ba\u015fkan\u0131 Gonca K\u00f6ksal Aras, felsefe ve bilimin insanl\u0131k tarihindeki yol g\u00f6sterici rol\u00fcne vurgu yapt\u0131:<br \/>\n<br \/>&#8220;Bu sempozyum Mu\u011fla\u2019m\u0131z\u0131n tarihine, d\u00fc\u015f\u00fcnce gelene\u011fine \u00e7ok yak\u0131\u015fan bir sempozyum. Felsefe ve bilim, ge\u00e7mi\u015fte de, bug\u00fcn de, gelecekte de insanl\u0131\u011f\u0131n yolunu ayd\u0131nlatan en g\u00fc\u00e7l\u00fc rehberlerdir. \u00c7\u00fcnk\u00fc d\u00fc\u015f\u00fcnmek, sorgulamak ve anlamaya \u00e7al\u0131\u015fmak bizi hem birey olarak hem de toplum olarak daima ileri ta\u015f\u0131yor. \u00d6zg\u00fcr d\u00fc\u015f\u00fcncenin ve kendini ifade etmenin filizlendi\u011fi bir kent, gelece\u011fe daima umutla bakan bir kent olacakt\u0131r. Bu anlaml\u0131 bulu\u015fmay\u0131 d\u00fczenleyen Mu\u011fla B\u00fcy\u00fck\u015fehir Belediyemize, Felsefe K\u00fclt\u00fcr Sanat Derne\u011fi\u2019ne, Felsefe ve Ya\u015fam Akademisi\u2019ne, eme\u011fi ge\u00e7en herkese te\u015fekk\u00fcr ediyorum&#8221; dedi.<br \/>\n<br \/>Ba\u015fkan Aras: &#8220;Mu\u011fla, d\u00fc\u015f\u00fcnce gelene\u011fiyle \u00f6zg\u00fcrl\u00fc\u011f\u00fcn kentidir&#8221;<br \/>\n<br \/>K\u0131y\u0131 Ege Belediyeler Birli\u011fi ve Mu\u011fla B\u00fcy\u00fck\u015fehir Belediye Ba\u015fkan\u0131 Ahmet Aras, Mu\u011fla\u2019n\u0131n d\u00fc\u015f\u00fcnce gelene\u011fine ve demokrasi k\u00fclt\u00fcr\u00fcne dikkat \u00e7ekti:<br \/>\n<br \/>&#8220;Bu toplant\u0131y\u0131 akademik bir etkinli\u011fin \u00f6tesinde, Mu\u011fla\u2019n\u0131n tarihine, k\u00fclt\u00fcr\u00fcne ve d\u00fc\u015f\u00fcnce gelene\u011fine yak\u0131\u015fan bir bulu\u015fma olarak g\u00f6r\u00fcyoruz. \u00c7\u00fcnk\u00fc bu \u015fehir, d\u00fc\u015f\u00fcnmenin, konu\u015fman\u0131n, tart\u0131\u015fman\u0131n ve ortak ak\u0131lla karar vermenin k\u00fclt\u00fcr\u00fcyle yo\u011frulmu\u015ftur. Antik d\u00f6nemlerden g\u00fcn\u00fcm\u00fcze bu topraklarda halk\u0131n sesi hep var olmu\u015ftur. Mu\u011fla, d\u00fc\u015f\u00fcnce iklimiyle \u00f6zg\u00fcrl\u00fc\u011f\u00fcn kentidir&#8221;<br \/>\n<br \/>&#8220;Demokrasi yukar\u0131dan de\u011fil, tabandan b\u00fcy\u00fcr&#8221;<br \/>\n<br \/>Mu\u011fla\u2019n\u0131n demokrasi k\u00fclt\u00fcr\u00fcn\u00fcn en eski izlerini ta\u015f\u0131yan kentlerden biri oldu\u011funu vurgulayan Ba\u015fkan Aras, yerel y\u00f6netimlerde ortak akla dayal\u0131 karar s\u00fcre\u00e7lerini anlatt\u0131:<br \/>\n<br \/>&#8220;Kad\u0131n meclisleri, gen\u00e7lik meclisleri, dan\u0131\u015fma kurullar\u0131 olu\u015fturduk. Her kurumumuzun y\u00f6netim yap\u0131s\u0131n\u0131 demokratik temsile g\u00f6re \u015fekillendiriyoruz. Turizmle ilgili kararlar\u0131 turizmcimizle, denizle ilgili kararlar\u0131 denizcimizle al\u0131yoruz. \u00c7\u00fcnk\u00fc demokrasi yukar\u0131dan in\u015fa edilmez, tabandan b\u00fcy\u00fcr&#8221;<br \/><\/p>\n","protected":false},"excerpt":{"rendered":"<p>Mu\u011fla B\u00fcy\u00fck\u015fehir Belediyesi, Felsefe K\u00fclt\u00fcr Sanat Derne\u011fi, Mu\u011fla Felsefe ve Ya\u015fam Akademisi i\u015f birli\u011fi ile demokrasi kavram\u0131n\u0131 her y\u00f6n\u00fcyle ele alan sempozyum d\u00fczenledi. Sempozyum, Mu\u011fla B\u00fcy\u00fck\u015fehir Belediyesi, T\u00fcrkan Saylan \u00c7a\u011fda\u015f Ya\u015fam Merkezinde yap\u0131ld\u0131. Uzman isimler Mu\u011fla\u2019da bulu\u015ftu Mu\u011fla B\u00fcy\u00fck\u015fehir Belediyesi K\u00fclt\u00fcr, Sanat ve Sosyal \u0130\u015fler Dairesi Ba\u015fkan\u0131 H\u00fclya Muratl\u0131, &#8220;Felsefe K\u00fclt\u00fcr Sanat Derne\u011fi ile birlikte&#8230;<\/p>\n","protected":false},"author":1,"featured_media":64090,"comment_status":"open","ping_status":"open","sticky":false,"template":"","format":"standard","meta":{"_crdt_document":"","footnotes":""},"categories":[1],"tags":[],"class_list":["post-64089","post","type-post","status-publish","format-standard","has-post-thumbnail","hentry","category-guncel"],"_links":{"self":[{"href":"https:\/\/www.egemtv.com\/index.php?rest_route=\/wp\/v2\/posts\/64089","targetHints":{"allow":["GET"]}}],"collection":[{"href":"https:\/\/www.egemtv.com\/index.php?rest_route=\/wp\/v2\/posts"}],"about":[{"href":"https:\/\/www.egemtv.com\/index.php?rest_route=\/wp\/v2\/types\/post"}],"author":[{"embeddable":true,"href":"https:\/\/www.egemtv.com\/index.php?rest_route=\/wp\/v2\/users\/1"}],"replies":[{"embeddable":true,"href":"https:\/\/www.egemtv.com\/index.php?rest_route=%2Fwp%2Fv2%2Fcomments&post=64089"}],"version-history":[{"count":1,"href":"https:\/\/www.egemtv.com\/index.php?rest_route=\/wp\/v2\/posts\/64089\/revisions"}],"predecessor-version":[{"id":64091,"href":"https:\/\/www.egemtv.com\/index.php?rest_route=\/wp\/v2\/posts\/64089\/revisions\/64091"}],"wp:featuredmedia":[{"embeddable":true,"href":"https:\/\/www.egemtv.com\/index.php?rest_route=\/wp\/v2\/media\/64090"}],"wp:attachment":[{"href":"https:\/\/www.egemtv.com\/index.php?rest_route=%2Fwp%2Fv2%2Fmedia&parent=64089"}],"wp:term":[{"taxonomy":"category","embeddable":true,"href":"https:\/\/www.egemtv.com\/index.php?rest_route=%2Fwp%2Fv2%2Fcategories&post=64089"},{"taxonomy":"post_tag","embeddable":true,"href":"https:\/\/www.egemtv.com\/index.php?rest_route=%2Fwp%2Fv2%2Ftags&post=64089"}],"curies":[{"name":"wp","href":"https:\/\/api.w.org\/{rel}","templated":true}]}}