{"id":64086,"date":"2025-10-27T14:15:08","date_gmt":"2025-10-27T11:15:08","guid":{"rendered":"https:\/\/www.egemtv.com\/?p=64086"},"modified":"2025-10-27T14:15:14","modified_gmt":"2025-10-27T11:15:14","slug":"merkezefendide-off-road-heyecani-yasandi","status":"publish","type":"post","link":"https:\/\/www.egemtv.com\/?p=64086","title":{"rendered":"Merkezefendi\u2019de off-road heyecan\u0131 ya\u015fand\u0131"},"content":{"rendered":"<p>Denizli\u2019nin Merkezefendi il\u00e7esinde Merkezefendi Belediyesi\u2019nin ev sahipli\u011finde Petlas T\u00fcrkiye Off-road \u015eampiyonas\u0131 5. Ayak Dendoff Yar\u0131\u015flar\u0131, 5 kategoride 19 ara\u00e7 ve 38 sporcunun kat\u0131l\u0131m\u0131yla ger\u00e7ekle\u015ftirildi. K\u0131yas\u0131ya m\u00fccadelelerin ya\u015fand\u0131\u011f\u0131 yar\u0131\u015f\u0131n sonunda dereceye girenlere madalyalar\u0131 ve kupalar\u0131 takdim edildi.<\/p>\n<p>Merkezefendi\u2019de geleneksel hale gelen off-road yar\u0131\u015flar\u0131, bu y\u0131l da d\u00fczenlendi. Merkezefendi Belediyesi, Petlas T\u00fcrkiye Off-road \u015eampiyonas\u0131 5. Ayak Dendoff Yar\u0131\u015flar\u0131\u2019na ev sahipli\u011fi yapt\u0131. Merkezefendi Belediyesi Off-road Pisti\u2019nde ger\u00e7ekle\u015ftirilen yar\u0131\u015flara 5 kategoride 19 ara\u00e7 ve 38 sporcu ile \u00e7ok say\u0131da Denizlili kat\u0131ld\u0131. Yo\u011fun ilginin oldu\u011fu organizasyonun start\u0131n\u0131 Merkezefendi Belediye Ba\u015fkan\u0131 \u015eeniz Do\u011fan verdi. K\u0131yas\u0131ya m\u00fccadelelerin ya\u015fand\u0131\u011f\u0131 yar\u0131\u015f\u0131n sonunda dereceye girenlere madalyalar\u0131 ve kupalar\u0131 takdim edildi.<\/p>\n<p>Etkinli\u011fe olan ilgiden dolay\u0131 memnuniyetini dile getiren Ba\u015fkan Do\u011fan, &#8220;Petlas T\u00fcrkiye Off-road \u015eampiyonas\u0131 5. Ayak Dendoff Yar\u0131\u015flar\u0131\u2019m\u0131z\u0131 b\u00fcy\u00fck bir heyecanla tamamlad\u0131k ve \u00f6d\u00fcl t\u00f6renimizi ger\u00e7ekle\u015ftirdik. Eme\u011fi ge\u00e7en t\u00fcm ekiplere, sporcular\u0131m\u0131za ve bu heyecana ortak olan t\u00fcm hem\u015fehrilerime te\u015fekk\u00fcr ediyorum&#8221; diye konu\u015ftu.<\/p>\n<p>Dereceye girenler \u00f6d\u00fcllerini takdim ald\u0131<br \/>\n<br \/>SSV Kategorisi\u2019nde birinci \u0130srafil Aky\u00fcz &#8211; Mert Tepe, ikinci Salih \u00c7arp\u0131\u015fant\u00fcrk &#8211; Mehmet Arda Demirk\u0131ran ve \u00fc\u00e7\u00fcnc\u00fc ise Eren Alver &#8211; Onur S\u0131r\u0131mo\u011flu oldu.<br \/>\n<br \/>Otomobil Kategorisi\u2019nde birinci Mustafa G\u00fcl &#8211; Serhat Dursun Akdemir, ikinci \u0130smail Ayhan &#8211; Arda Arslan ve \u00fc\u00e7\u00fcnc\u00fc Durali Alt\u0131nok &#8211; Serkan Sivri oldu.<br \/>\n<br \/>Sporcular \u00f6d\u00fcllerini alarak hat\u0131ra foto\u011fraf\u0131 \u00e7ektirdi.<br \/><\/p>\n","protected":false},"excerpt":{"rendered":"<p>Denizli\u2019nin Merkezefendi il\u00e7esinde Merkezefendi Belediyesi\u2019nin ev sahipli\u011finde Petlas T\u00fcrkiye Off-road \u015eampiyonas\u0131 5. Ayak Dendoff Yar\u0131\u015flar\u0131, 5 kategoride 19 ara\u00e7 ve 38 sporcunun kat\u0131l\u0131m\u0131yla ger\u00e7ekle\u015ftirildi. K\u0131yas\u0131ya m\u00fccadelelerin ya\u015fand\u0131\u011f\u0131 yar\u0131\u015f\u0131n sonunda dereceye girenlere madalyalar\u0131 ve kupalar\u0131 takdim edildi. Merkezefendi\u2019de geleneksel hale gelen off-road yar\u0131\u015flar\u0131, bu y\u0131l da d\u00fczenlendi. Merkezefendi Belediyesi, Petlas T\u00fcrkiye Off-road \u015eampiyonas\u0131 5. Ayak Dendoff&#8230;<\/p>\n","protected":false},"author":1,"featured_media":64087,"comment_status":"open","ping_status":"open","sticky":false,"template":"","format":"standard","meta":{"_crdt_document":"","footnotes":""},"categories":[4],"tags":[],"class_list":["post-64086","post","type-post","status-publish","format-standard","has-post-thumbnail","hentry","category-spor"],"_links":{"self":[{"href":"https:\/\/www.egemtv.com\/index.php?rest_route=\/wp\/v2\/posts\/64086","targetHints":{"allow":["GET"]}}],"collection":[{"href":"https:\/\/www.egemtv.com\/index.php?rest_route=\/wp\/v2\/posts"}],"about":[{"href":"https:\/\/www.egemtv.com\/index.php?rest_route=\/wp\/v2\/types\/post"}],"author":[{"embeddable":true,"href":"https:\/\/www.egemtv.com\/index.php?rest_route=\/wp\/v2\/users\/1"}],"replies":[{"embeddable":true,"href":"https:\/\/www.egemtv.com\/index.php?rest_route=%2Fwp%2Fv2%2Fcomments&post=64086"}],"version-history":[{"count":1,"href":"https:\/\/www.egemtv.com\/index.php?rest_route=\/wp\/v2\/posts\/64086\/revisions"}],"predecessor-version":[{"id":64088,"href":"https:\/\/www.egemtv.com\/index.php?rest_route=\/wp\/v2\/posts\/64086\/revisions\/64088"}],"wp:featuredmedia":[{"embeddable":true,"href":"https:\/\/www.egemtv.com\/index.php?rest_route=\/wp\/v2\/media\/64087"}],"wp:attachment":[{"href":"https:\/\/www.egemtv.com\/index.php?rest_route=%2Fwp%2Fv2%2Fmedia&parent=64086"}],"wp:term":[{"taxonomy":"category","embeddable":true,"href":"https:\/\/www.egemtv.com\/index.php?rest_route=%2Fwp%2Fv2%2Fcategories&post=64086"},{"taxonomy":"post_tag","embeddable":true,"href":"https:\/\/www.egemtv.com\/index.php?rest_route=%2Fwp%2Fv2%2Ftags&post=64086"}],"curies":[{"name":"wp","href":"https:\/\/api.w.org\/{rel}","templated":true}]}}