{"id":64083,"date":"2025-10-27T13:36:14","date_gmt":"2025-10-27T10:36:14","guid":{"rendered":"https:\/\/www.egemtv.com\/?p=64083"},"modified":"2025-10-27T13:36:16","modified_gmt":"2025-10-27T10:36:16","slug":"soke-kent-konseyinden-faaliyet-bilgilendirme-toplantisi","status":"publish","type":"post","link":"https:\/\/www.egemtv.com\/?p=64083","title":{"rendered":"S\u00f6ke Kent Konseyi\u2019nden faaliyet bilgilendirme toplant\u0131s\u0131"},"content":{"rendered":"<p>S\u00f6ke Kent Konseyi, \u00e7al\u0131\u015fmalar\u0131n\u0131 de\u011ferlendirmek ve kamuoyunu bilgilendirmek amac\u0131yla faaliyet bilgilendirme toplant\u0131s\u0131 d\u00fczenledi.<\/p>\n<p>Toplant\u0131ya, Kent Konseyi Ba\u015fkan\u0131 Ferahnaz \u00d6zt\u00fcrk ve Y\u00fcr\u00fctme Kurulu \u00fcyelerinin yan\u0131 s\u0131ra Kad\u0131n Meclisi Ba\u015fkan\u0131 Melike Yavuzy\u0131lmaz, Gen\u00e7lik Meclisi Ba\u015fkan\u0131 \u015eevin Kaya, Engelli Meclisi Ba\u015fkan\u0131 Sevin\u00e7 Cebel, Emekli Meclisi Ba\u015fkan\u0131 Nurten Yava\u015f ve \u00c7ocuk Meclisi Ba\u015fkan\u0131 Ay\u015fe \u00d6zba\u015f Dirim de kat\u0131ld\u0131. Toplant\u0131da, son genel kuruldan bu yana hayata ge\u00e7irilen \u00e7al\u0131\u015fmalar ve y\u00fcr\u00fct\u00fclen projeler payla\u015f\u0131ld\u0131.<\/p>\n<p>S\u00f6ke Kent Konseyi Ba\u015fkan\u0131 Ferahnaz \u00d6zt\u00fcrk, a\u00e7\u0131l\u0131\u015f konu\u015fmas\u0131nda kent konseylerinin, kentte ya\u015fayan herkesin sesini duyurabildi\u011fi, ortak akl\u0131n ve dayan\u0131\u015fman\u0131n adresi oldu\u011funu belirterek, S\u00f6ke Kent Konseyi\u2019nin kat\u0131l\u0131mc\u0131l\u0131k, \u015feffafl\u0131k ve g\u00f6n\u00fcll\u00fcl\u00fck ilkeleriyle \u00e7al\u0131\u015fmalar\u0131n\u0131 s\u00fcrd\u00fcrd\u00fc\u011f\u00fcn\u00fc ifade etti.<\/p>\n<p>\u00d6zt\u00fcrk, &#8220;Kent, yaln\u0131zca belediyenin de\u011fil; her yurtta\u015f\u0131n ve her sivil toplum \u00f6rg\u00fct\u00fcn\u00fcn ortak ya\u015fam alan\u0131d\u0131r. Biz de S\u00f6ke\u2019de her kesimi s\u00fcrece dahil eden, ortak ak\u0131lla \u00e7\u00f6z\u00fcm \u00fcreten bir yap\u0131 olu\u015fturduk. Amac\u0131m\u0131z S\u00f6ke\u2019nin sosyal, k\u00fclt\u00fcrel ve \u00e7evresel de\u011ferlerini g\u00fc\u00e7lendirmek ve kat\u0131l\u0131mc\u0131 y\u00f6netim anlay\u0131\u015f\u0131n\u0131 kal\u0131c\u0131 hale getirmektir&#8221; dedi.<\/p>\n<p>Y\u00fcr\u00fctme kurulu \u00fcyelerine, meclis ba\u015fkanlar\u0131na, g\u00f6n\u00fcll\u00fclere ve desteklerinden dolay\u0131 S\u00f6ke Belediye Ba\u015fkan\u0131 Dr. Mustafa \u0130berya Ar\u0131kan ile belediye \u00e7al\u0131\u015fanlar\u0131na te\u015fekk\u00fcr eden \u00d6zt\u00fcrk, bas\u0131n mensuplar\u0131na da duyarl\u0131l\u0131klar\u0131 i\u00e7in te\u015fekk\u00fcr etti.<\/p>\n<p>Cumhuriyetin 102. y\u0131l\u0131na da de\u011finen \u00d6zt\u00fcrk, &#8220;Cumhuriyet, \u00f6zg\u00fcrl\u00fc\u011f\u00fcm\u00fcz\u00fcn ve onurumuzun ad\u0131d\u0131r. Atat\u00fcrk\u2019\u00fcn yolunda, e\u015fitlik, adalet ve demokrasiyle ayd\u0131nl\u0131k yar\u0131nlara y\u00fcr\u00fcmeye kararl\u0131y\u0131z. Cumhuriyet Bayram\u0131m\u0131z kutlu olsun&#8221; diye konu\u015ftu.<\/p>\n<p>Ferahnaz \u00d6zt\u00fcrk konu\u015fmas\u0131n\u0131n ard\u0131ndan faaliyetlerle ilgili sunum yapt\u0131. Meclis Ba\u015fkanlar\u0131 da kendilerini tan\u0131t\u0131rken, \u00e7al\u0131\u015fmalar\u0131 ile gelecekte planlad\u0131klar\u0131 projelerle ilgili hakk\u0131nda bilgiler verdiler.<br \/><\/p>\n","protected":false},"excerpt":{"rendered":"<p>S\u00f6ke Kent Konseyi, \u00e7al\u0131\u015fmalar\u0131n\u0131 de\u011ferlendirmek ve kamuoyunu bilgilendirmek amac\u0131yla faaliyet bilgilendirme toplant\u0131s\u0131 d\u00fczenledi. Toplant\u0131ya, Kent Konseyi Ba\u015fkan\u0131 Ferahnaz \u00d6zt\u00fcrk ve Y\u00fcr\u00fctme Kurulu \u00fcyelerinin yan\u0131 s\u0131ra Kad\u0131n Meclisi Ba\u015fkan\u0131 Melike Yavuzy\u0131lmaz, Gen\u00e7lik Meclisi Ba\u015fkan\u0131 \u015eevin Kaya, Engelli Meclisi Ba\u015fkan\u0131 Sevin\u00e7 Cebel, Emekli Meclisi Ba\u015fkan\u0131 Nurten Yava\u015f ve \u00c7ocuk Meclisi Ba\u015fkan\u0131 Ay\u015fe \u00d6zba\u015f Dirim de kat\u0131ld\u0131. Toplant\u0131da,&#8230;<\/p>\n","protected":false},"author":1,"featured_media":64084,"comment_status":"open","ping_status":"open","sticky":false,"template":"","format":"standard","meta":{"_crdt_document":"","footnotes":""},"categories":[127],"tags":[],"class_list":["post-64083","post","type-post","status-publish","format-standard","has-post-thumbnail","hentry","category-siyaset"],"_links":{"self":[{"href":"https:\/\/www.egemtv.com\/index.php?rest_route=\/wp\/v2\/posts\/64083","targetHints":{"allow":["GET"]}}],"collection":[{"href":"https:\/\/www.egemtv.com\/index.php?rest_route=\/wp\/v2\/posts"}],"about":[{"href":"https:\/\/www.egemtv.com\/index.php?rest_route=\/wp\/v2\/types\/post"}],"author":[{"embeddable":true,"href":"https:\/\/www.egemtv.com\/index.php?rest_route=\/wp\/v2\/users\/1"}],"replies":[{"embeddable":true,"href":"https:\/\/www.egemtv.com\/index.php?rest_route=%2Fwp%2Fv2%2Fcomments&post=64083"}],"version-history":[{"count":1,"href":"https:\/\/www.egemtv.com\/index.php?rest_route=\/wp\/v2\/posts\/64083\/revisions"}],"predecessor-version":[{"id":64085,"href":"https:\/\/www.egemtv.com\/index.php?rest_route=\/wp\/v2\/posts\/64083\/revisions\/64085"}],"wp:featuredmedia":[{"embeddable":true,"href":"https:\/\/www.egemtv.com\/index.php?rest_route=\/wp\/v2\/media\/64084"}],"wp:attachment":[{"href":"https:\/\/www.egemtv.com\/index.php?rest_route=%2Fwp%2Fv2%2Fmedia&parent=64083"}],"wp:term":[{"taxonomy":"category","embeddable":true,"href":"https:\/\/www.egemtv.com\/index.php?rest_route=%2Fwp%2Fv2%2Fcategories&post=64083"},{"taxonomy":"post_tag","embeddable":true,"href":"https:\/\/www.egemtv.com\/index.php?rest_route=%2Fwp%2Fv2%2Ftags&post=64083"}],"curies":[{"name":"wp","href":"https:\/\/api.w.org\/{rel}","templated":true}]}}