{"id":64077,"date":"2025-10-27T13:36:05","date_gmt":"2025-10-27T10:36:05","guid":{"rendered":"https:\/\/www.egemtv.com\/?p=64077"},"modified":"2025-10-27T13:36:07","modified_gmt":"2025-10-27T10:36:07","slug":"motosiklet-denetiminde-ceza-yagdi","status":"publish","type":"post","link":"https:\/\/www.egemtv.com\/?p=64077","title":{"rendered":"Motosiklet denetiminde ceza ya\u011fd\u0131"},"content":{"rendered":"<p>Manisa \u0130l Emniyet M\u00fcd\u00fcrl\u00fc\u011f\u00fc Trafik Denetleme \u015eube M\u00fcd\u00fcrl\u00fc\u011f\u00fc ve il\u00e7e trafik birimleri taraf\u0131ndan il genelinde 2 g\u00fcn s\u00fcren \u2019Motosiklet ve motorlu bisiklet\u2019 denetiminde 2 milyon 826 bin 476 TL para cezas\u0131 uygulan\u0131rken, 73 arac\u0131n da trafikten men edildi\u011fi a\u00e7\u0131kland\u0131.<br \/>\n<br \/>Manisa \u0130l Emniyet M\u00fcd\u00fcrl\u00fc\u011f\u00fc Trafik Denetleme \u015eube M\u00fcd\u00fcrl\u00fc\u011f\u00fc ve il\u00e7e trafik birimleri taraf\u0131ndan 24-25 Ekim 2025 tarihlerinde 44 ekip, 85 trafik personeli ve 16 farkl\u0131 birimden personelin kat\u0131l\u0131m\u0131yla ger\u00e7ekle\u015ftirilen \u2019Motosiklet ve motorlu bisiklet denetimi\u2019 kapsam\u0131nda 2 bin 268 ara\u00e7 ve s\u00fcr\u00fcc\u00fcs\u00fcn\u00fcn kontrol edildi\u011fi bildirildi. Denetimlerde kurallara uymayan 844 ara\u00e7 ve s\u00fcr\u00fcc\u00fcs\u00fcne toplam 2 milyon 826 bin 476 lira idari para cezas\u0131 uygulan\u0131rken, 73 arac\u0131n da trafikten men edildi\u011fi bildirildi. Ceza kesilen s\u00fcr\u00fcc\u00fclerin 463\u2019\u00fcn\u00fcn kask takmamak maddesinde ceza ald\u0131\u011f\u0131 \u00f6\u011frenildi.<br \/><\/p>\n","protected":false},"excerpt":{"rendered":"<p>Manisa \u0130l Emniyet M\u00fcd\u00fcrl\u00fc\u011f\u00fc Trafik Denetleme \u015eube M\u00fcd\u00fcrl\u00fc\u011f\u00fc ve il\u00e7e trafik birimleri taraf\u0131ndan il genelinde 2 g\u00fcn s\u00fcren \u2019Motosiklet ve motorlu bisiklet\u2019 denetiminde 2 milyon 826 bin 476 TL para cezas\u0131 uygulan\u0131rken, 73 arac\u0131n da trafikten men edildi\u011fi a\u00e7\u0131kland\u0131. Manisa \u0130l Emniyet M\u00fcd\u00fcrl\u00fc\u011f\u00fc Trafik Denetleme \u015eube M\u00fcd\u00fcrl\u00fc\u011f\u00fc ve il\u00e7e trafik birimleri taraf\u0131ndan 24-25 Ekim 2025&#8230;<\/p>\n","protected":false},"author":1,"featured_media":64078,"comment_status":"open","ping_status":"open","sticky":false,"template":"","format":"standard","meta":{"_crdt_document":"","footnotes":""},"categories":[5],"tags":[],"class_list":["post-64077","post","type-post","status-publish","format-standard","has-post-thumbnail","hentry","category-asayis"],"_links":{"self":[{"href":"https:\/\/www.egemtv.com\/index.php?rest_route=\/wp\/v2\/posts\/64077","targetHints":{"allow":["GET"]}}],"collection":[{"href":"https:\/\/www.egemtv.com\/index.php?rest_route=\/wp\/v2\/posts"}],"about":[{"href":"https:\/\/www.egemtv.com\/index.php?rest_route=\/wp\/v2\/types\/post"}],"author":[{"embeddable":true,"href":"https:\/\/www.egemtv.com\/index.php?rest_route=\/wp\/v2\/users\/1"}],"replies":[{"embeddable":true,"href":"https:\/\/www.egemtv.com\/index.php?rest_route=%2Fwp%2Fv2%2Fcomments&post=64077"}],"version-history":[{"count":1,"href":"https:\/\/www.egemtv.com\/index.php?rest_route=\/wp\/v2\/posts\/64077\/revisions"}],"predecessor-version":[{"id":64079,"href":"https:\/\/www.egemtv.com\/index.php?rest_route=\/wp\/v2\/posts\/64077\/revisions\/64079"}],"wp:featuredmedia":[{"embeddable":true,"href":"https:\/\/www.egemtv.com\/index.php?rest_route=\/wp\/v2\/media\/64078"}],"wp:attachment":[{"href":"https:\/\/www.egemtv.com\/index.php?rest_route=%2Fwp%2Fv2%2Fmedia&parent=64077"}],"wp:term":[{"taxonomy":"category","embeddable":true,"href":"https:\/\/www.egemtv.com\/index.php?rest_route=%2Fwp%2Fv2%2Fcategories&post=64077"},{"taxonomy":"post_tag","embeddable":true,"href":"https:\/\/www.egemtv.com\/index.php?rest_route=%2Fwp%2Fv2%2Ftags&post=64077"}],"curies":[{"name":"wp","href":"https:\/\/api.w.org\/{rel}","templated":true}]}}