{"id":64074,"date":"2025-10-27T12:58:00","date_gmt":"2025-10-27T09:58:00","guid":{"rendered":"https:\/\/www.egemtv.com\/?p=64074"},"modified":"2025-10-27T12:58:31","modified_gmt":"2025-10-27T09:58:31","slug":"bodrum-bergamut-caddesinde-yillarin-sorunu-3-gunde-cozuldu","status":"publish","type":"post","link":"https:\/\/www.egemtv.com\/?p=64074","title":{"rendered":"Bodrum Bergamut caddesinde y\u0131llar\u0131n sorunu 3 g\u00fcnde \u00e7\u00f6z\u00fcld\u00fc"},"content":{"rendered":"<p>Bodrum\u2019un y\u0131llard\u0131r devam eden su s\u0131k\u0131nt\u0131lar\u0131n\u0131 gidermek i\u00e7in 2012 y\u0131l\u0131nda yap\u0131lan ar\u0131zal\u0131 i\u00e7me suyu hatlar\u0131n\u0131 yenileyen MUSK\u0130 Genel M\u00fcd\u00fcrl\u00fc\u011f\u00fc en b\u00fcy\u00fck s\u0131k\u0131nt\u0131n\u0131n ya\u015fand\u0131\u011f\u0131 Bergamut Caddesindeki \u00e7al\u0131\u015fmalar\u0131n\u0131 tamamlad\u0131. Cadde \u00fczerinde 3 g\u00fcn s\u00fcren \u00e7al\u0131\u015fmalar kapsam\u0131nda b\u00f6lgede s\u00fcrekli ar\u0131zalanan hatlar yenileriyle de\u011fi\u015ftirildi.<br \/>\n<br \/>Bodrum\u2019da y\u0131llard\u0131r devam eden ve kentin en \u00f6nemli sorunu haline gelen ar\u0131zal\u0131 i\u00e7me suyu hatlar\u0131n\u0131n yenileme \u00e7al\u0131\u015fmalar\u0131 devam ediyor. Ba\u015fkan Ahmet Aras\u2019\u0131n \u00f6nemle \u00fczerinde durdu\u011fu Bodrum ana i\u00e7me suyu hatlar\u0131n\u0131n yenileme \u00e7al\u0131\u015fmalar\u0131nda kritik bir e\u015fik a\u015f\u0131ld\u0131.<br \/>\n<br \/>MUSK\u0130 taraf\u0131ndan ger\u00e7ekle\u015ftirilen projede Torba Kav\u015fa\u011f\u0131nda ba\u015flayan \u00e7al\u0131\u015fmalar Bodrum\u2019da ar\u0131zan\u0131n en \u00e7ok ya\u015fand\u0131\u011f\u0131 noktalardan biri olan Bergamut Caddesinde devam etti.  B\u00f6lgede tonlarca su ve maddi kayb\u0131n yan\u0131 s\u0131ra yer yer can kayb\u0131na neden olabilecek b\u00fcy\u00fckl\u00fckte ar\u0131zalar ya\u015fan\u0131yordu. Ge\u00e7ti\u011fimiz y\u0131llarda patlayan hatt\u0131n olu\u015fturdu\u011fu \u00e7ukura d\u00fc\u015fen ara\u00e7lar nedeniyle olu\u015fan bu risk her ge\u00e7en g\u00fcn b\u00fcy\u00fcyerek devam etti. Bu nedenle yanl\u0131\u015f tip boru se\u00e7imi kullan\u0131larak yap\u0131lan bu hatlar\u0131n yenilenmesi konusunda Mu\u011fla B\u00fcy\u00fck\u015fehir Belediye Ba\u015fkan\u0131 Ahmet Aras\u2019\u0131n g\u00f6sterdi\u011fi irade ile hatlar MUSK\u0130 taraf\u0131ndan yenilenmeye devam ediyor. Proje kapsam\u0131nda Bergamut Caddesi \u00fczerinde yap\u0131lan \u00e7al\u0131\u015fma ile yakla\u015f\u0131k 550 metrelik ana isale hatt\u0131 3 g\u00fcnde yenilenerek hat kullan\u0131ma sunuldu.<br \/>\n<br \/>\u00c7al\u0131\u015fmalar\u0131n yakla\u015f\u0131k 12 bin metresi tamamland\u0131. \u00c7al\u0131\u015fmalar\u0131m\u0131z kapsam\u0131nda, 12 bin metre hat yenileme i\u015flemi ger\u00e7ekle\u015firken kalan k\u0131sm\u0131n en k\u0131sa s\u00fcrede tamamlan\u0131p hat ar\u0131zalar\u0131ndan kaynaklanan kesintilerin \u00f6n\u00fcne ge\u00e7ilmesi planlan\u0131yor.<br \/>\n<br \/>Proje hakk\u0131nda a\u00e7\u0131klamalarda bulunan \u0130\u015fletmeler 1. B\u00f6lge Dairesi Ba\u015fkan\u0131 Nazif Erdo\u011fan, b\u00f6lgede s\u0131k s\u0131k ar\u0131zalanan ve patlayan CTP hatlar\u0131n\u0131 yenileme \u00e7al\u0131\u015fmalar\u0131na ba\u015flad\u0131klar\u0131n\u0131, Bitez Mahallesi Bergamut Caddesi \u00fczerinde s\u0131k s\u0131k patlayan bu patlamalar nedeniyle vatanda\u015flar\u0131n can ve mal g\u00fcvenli\u011fini tehdit eden ve  su kesintilerine neden olan CTP hatt\u0131n 500 metrelik k\u0131sm\u0131na uzun \u00f6m\u00fcrl\u00fc duktil borular ile yenilediklerini a\u00e7\u0131klad\u0131.<br \/><\/p>\n","protected":false},"excerpt":{"rendered":"<p>Bodrum\u2019un y\u0131llard\u0131r devam eden su s\u0131k\u0131nt\u0131lar\u0131n\u0131 gidermek i\u00e7in 2012 y\u0131l\u0131nda yap\u0131lan ar\u0131zal\u0131 i\u00e7me suyu hatlar\u0131n\u0131 yenileyen MUSK\u0130 Genel M\u00fcd\u00fcrl\u00fc\u011f\u00fc en b\u00fcy\u00fck s\u0131k\u0131nt\u0131n\u0131n ya\u015fand\u0131\u011f\u0131 Bergamut Caddesindeki \u00e7al\u0131\u015fmalar\u0131n\u0131 tamamlad\u0131. Cadde \u00fczerinde 3 g\u00fcn s\u00fcren \u00e7al\u0131\u015fmalar kapsam\u0131nda b\u00f6lgede s\u00fcrekli ar\u0131zalanan hatlar yenileriyle de\u011fi\u015ftirildi. Bodrum\u2019da y\u0131llard\u0131r devam eden ve kentin en \u00f6nemli sorunu haline gelen ar\u0131zal\u0131 i\u00e7me suyu hatlar\u0131n\u0131n&#8230;<\/p>\n","protected":false},"author":1,"featured_media":64075,"comment_status":"open","ping_status":"open","sticky":false,"template":"","format":"standard","meta":{"_crdt_document":"","footnotes":""},"categories":[1],"tags":[],"class_list":["post-64074","post","type-post","status-publish","format-standard","has-post-thumbnail","hentry","category-guncel"],"_links":{"self":[{"href":"https:\/\/www.egemtv.com\/index.php?rest_route=\/wp\/v2\/posts\/64074","targetHints":{"allow":["GET"]}}],"collection":[{"href":"https:\/\/www.egemtv.com\/index.php?rest_route=\/wp\/v2\/posts"}],"about":[{"href":"https:\/\/www.egemtv.com\/index.php?rest_route=\/wp\/v2\/types\/post"}],"author":[{"embeddable":true,"href":"https:\/\/www.egemtv.com\/index.php?rest_route=\/wp\/v2\/users\/1"}],"replies":[{"embeddable":true,"href":"https:\/\/www.egemtv.com\/index.php?rest_route=%2Fwp%2Fv2%2Fcomments&post=64074"}],"version-history":[{"count":1,"href":"https:\/\/www.egemtv.com\/index.php?rest_route=\/wp\/v2\/posts\/64074\/revisions"}],"predecessor-version":[{"id":64076,"href":"https:\/\/www.egemtv.com\/index.php?rest_route=\/wp\/v2\/posts\/64074\/revisions\/64076"}],"wp:featuredmedia":[{"embeddable":true,"href":"https:\/\/www.egemtv.com\/index.php?rest_route=\/wp\/v2\/media\/64075"}],"wp:attachment":[{"href":"https:\/\/www.egemtv.com\/index.php?rest_route=%2Fwp%2Fv2%2Fmedia&parent=64074"}],"wp:term":[{"taxonomy":"category","embeddable":true,"href":"https:\/\/www.egemtv.com\/index.php?rest_route=%2Fwp%2Fv2%2Fcategories&post=64074"},{"taxonomy":"post_tag","embeddable":true,"href":"https:\/\/www.egemtv.com\/index.php?rest_route=%2Fwp%2Fv2%2Ftags&post=64074"}],"curies":[{"name":"wp","href":"https:\/\/api.w.org\/{rel}","templated":true}]}}