{"id":64068,"date":"2025-10-27T12:55:56","date_gmt":"2025-10-27T09:55:56","guid":{"rendered":"https:\/\/www.egemtv.com\/?p=64068"},"modified":"2025-10-27T12:56:10","modified_gmt":"2025-10-27T09:56:10","slug":"baskan-dere-sap-hastaligindan-magdur-olan-aileleri-yalniz-birakmadi","status":"publish","type":"post","link":"https:\/\/www.egemtv.com\/?p=64068","title":{"rendered":"Ba\u015fkan Dere, \u015fap hastal\u0131\u011f\u0131ndan ma\u011fdur olan aileleri yaln\u0131z b\u0131rakmad\u0131"},"content":{"rendered":"<p>\u00c7ivril Belediye Ba\u015fkan\u0131 Semih Dere, Denizli Milletvekili \u015eeref Arpac\u0131 ile birlikte K\u0131ralan Mahallesi\u2019nde \u015eap hastal\u0131\u011f\u0131ndan ma\u011fdur olan aileyi ziyareti etti.<\/p>\n<p>\u00c7ivril Belediye Ba\u015fkan\u0131 Semih Dere, T\u00fcrkiye\u2019nin bir\u00e7ok b\u00f6lgesinde etkili olan \u015fap hastal\u0131\u011f\u0131 nedeniyle, \u00c7ivril\u2019de hastal\u0131ktan etkilenerek ma\u011fduriyet ya\u015fayan \u00fcreticileri yaln\u0131z b\u0131rakmad\u0131. Bu kapsamda Cumhuriyet Halk Partisi Denizli Milletvekili \u015eeref Arpac\u0131, Cumhuriyet Halk Partisi Denizli \u0130l Y\u00f6neticisi Bedri Ata\u015f ve Cumhuriyet Halk Partisi \u00c7ivril \u0130l\u00e7e Ba\u015fkan\u0131 Hatice Alt\u0131nta\u015f ile birlikte K\u0131ralan Mahallesi\u2019nde \u015fap hastal\u0131\u011f\u0131ndan ma\u011fdur olan aileyi ziyaret etti. Ziyarette \u00fcreticilerle uzun s\u00fcre sohbet eden \u00c7ivril Belediye Ba\u015fkan\u0131 Semih Dere \u00fcreticinin ya\u015fad\u0131\u011f\u0131 zorluklar\u0131 yak\u0131ndan dinledi. Ba\u015fkan Dere, \u00c7ivril Belediyesi olarak \u015fap hastal\u0131\u011f\u0131yla m\u00fccadelede her zaman \u00fcreticinin yan\u0131nda olacaklar\u0131n\u0131 ifade etti.<\/p>\n<p>\u015eap hastal\u0131\u011f\u0131 dolay\u0131s\u0131yla hayvan \u00fcreticilerinin zor zamanlar ya\u015fad\u0131\u011f\u0131n\u0131 ve bu zor zamanlarda \u00fcreticiye destek olmak i\u00e7in gerekli \u00e7al\u0131\u015fmalar\u0131n yap\u0131laca\u011f\u0131n\u0131 belirten \u00c7ivril Belediye Ba\u015fkan\u0131 Semih Dere yapt\u0131\u011f\u0131 konu\u015fmada; &#8220;\u00dcreticilerimizin ya\u015fad\u0131\u011f\u0131 her s\u0131k\u0131nt\u0131 bizim de s\u0131k\u0131nt\u0131m\u0131zd\u0131r. Bug\u00fcn burada sadece ge\u00e7mi\u015f olsun demek i\u00e7in de\u011fil, bu s\u00fcreci nas\u0131l daha az zararla atlatabiliriz diye konu\u015fmak i\u00e7in buraday\u0131z. \u00dcreticilerimizin ya\u015fad\u0131\u011f\u0131 sorunlar\u0131 \u00e7\u00f6zmek i\u00e7in at\u0131lacak ad\u0131mlar\u0131 de\u011ferlendirdik. Ekiplerimiz sahada titizlikle \u00e7al\u0131\u015f\u0131yor. Hayvan kayb\u0131 ya\u015fayan \u00fcreticilerimizin ma\u011fduriyetini gidermek, hastal\u0131\u011f\u0131n yay\u0131lmas\u0131n\u0131 \u00f6nlemek i\u00e7in \u00e7al\u0131\u015fmalar\u0131m\u0131z\u0131 kesintisiz s\u00fcrd\u00fcr\u00fcyoruz. \u00c7evre sa\u011fl\u0131\u011f\u0131n\u0131 korumak i\u00e7in \u00f6len hayvanlar\u0131n g\u00f6m\u00fclme i\u015flemlerini y\u00fcr\u00fct\u00fcyor, hastal\u0131\u011f\u0131n yay\u0131l\u0131m\u0131n\u0131 \u00f6nlemek i\u00e7in t\u00fcm \u00f6nlemleri al\u0131yoruz. Her zorlukta ve durumda hem\u015fehrilerimizin yan\u0131nda olmaya devam edece\u011fiz&#8221; ifadelerini kulland\u0131.<\/p>\n<p>Ekonomik s\u0131k\u0131nt\u0131lar nedeniyle hayvan \u00fcreticisinin ge\u00e7imini zor sa\u011flad\u0131\u011f\u0131n\u0131 ve bunun \u00fczerine \u015fap hastal\u0131\u011f\u0131n\u0131n ortaya \u00e7\u0131kmas\u0131yla \u00dcreticinin daha da b\u00fcy\u00fck buhrana girdi\u011fini ifade eden Denizli Milletvekili \u015eeref Arpac\u0131; &#8220;\u00c7ivril-K\u0131ralan\u2019da bir hayvan \u00e7iftli\u011fini ziyaret ettik. \u015eap hastal\u0131\u011f\u0131 nedeniyle b\u00fcy\u00fck zarar ya\u015fayan \u00e7iftlik sahibi Turgay Oru\u00e7han\u2019a ge\u00e7mi\u015f olsun dileklerimizi ilettik. Maalesef T\u00fcrkiye\u2019nin bir\u00e7ok b\u00f6lgesinde oldu\u011fu gibi Denizli \u00c7ivril\u2019de de \u015fap hastal\u0131\u011f\u0131 h\u0131zla yay\u0131l\u0131yor. Zaten artan maliyetler, d\u00fc\u015fen al\u0131m g\u00fcc\u00fc ve bitmeyen bor\u00e7 y\u00fck\u00fc alt\u0131nda ezilen \u00fcreticimiz, \u015fimdi bir de bu hastal\u0131kla ba\u015f etmeye \u00e7al\u0131\u015f\u0131yor. Hayvanlar telef oluyor, emekler bo\u015fa gidiyor, al\u0131n teri heba oluyor. \u00dcreticiyi g\u00f6rmezden gelmek, bu \u00fclkenin al\u0131n terine, eme\u011fine s\u0131rt \u00e7evirmektir. Tar\u0131m ve Orman Bakanl\u0131\u011f\u0131 bu tabloyu g\u00f6rmezden gelemez! \u00c7ift\u00e7imizin yan\u0131nda olmak, sadece g\u00f6rev de\u011fil vicdan meselesidir. Cumhuriyet Halk Partisi olarak \u00fcreticimizin, \u00e7ift\u00e7imizin her zaman yan\u0131nday\u0131z. Ya\u015fanan her kayb\u0131n, her ma\u011fduriyetin takip\u00e7isi olmaya; bu sorun \u00e7\u00f6z\u00fclene kadar sesini duyurmaya devam edece\u011fiz &#8221; \u015feklinde konu\u015ftu.<br \/><\/p>\n","protected":false},"excerpt":{"rendered":"<p>\u00c7ivril Belediye Ba\u015fkan\u0131 Semih Dere, Denizli Milletvekili \u015eeref Arpac\u0131 ile birlikte K\u0131ralan Mahallesi\u2019nde \u015eap hastal\u0131\u011f\u0131ndan ma\u011fdur olan aileyi ziyareti etti. \u00c7ivril Belediye Ba\u015fkan\u0131 Semih Dere, T\u00fcrkiye\u2019nin bir\u00e7ok b\u00f6lgesinde etkili olan \u015fap hastal\u0131\u011f\u0131 nedeniyle, \u00c7ivril\u2019de hastal\u0131ktan etkilenerek ma\u011fduriyet ya\u015fayan \u00fcreticileri yaln\u0131z b\u0131rakmad\u0131. Bu kapsamda Cumhuriyet Halk Partisi Denizli Milletvekili \u015eeref Arpac\u0131, Cumhuriyet Halk Partisi Denizli \u0130l&#8230;<\/p>\n","protected":false},"author":1,"featured_media":64069,"comment_status":"open","ping_status":"open","sticky":false,"template":"","format":"standard","meta":{"_crdt_document":"","footnotes":""},"categories":[127],"tags":[],"class_list":["post-64068","post","type-post","status-publish","format-standard","has-post-thumbnail","hentry","category-siyaset"],"_links":{"self":[{"href":"https:\/\/www.egemtv.com\/index.php?rest_route=\/wp\/v2\/posts\/64068","targetHints":{"allow":["GET"]}}],"collection":[{"href":"https:\/\/www.egemtv.com\/index.php?rest_route=\/wp\/v2\/posts"}],"about":[{"href":"https:\/\/www.egemtv.com\/index.php?rest_route=\/wp\/v2\/types\/post"}],"author":[{"embeddable":true,"href":"https:\/\/www.egemtv.com\/index.php?rest_route=\/wp\/v2\/users\/1"}],"replies":[{"embeddable":true,"href":"https:\/\/www.egemtv.com\/index.php?rest_route=%2Fwp%2Fv2%2Fcomments&post=64068"}],"version-history":[{"count":1,"href":"https:\/\/www.egemtv.com\/index.php?rest_route=\/wp\/v2\/posts\/64068\/revisions"}],"predecessor-version":[{"id":64070,"href":"https:\/\/www.egemtv.com\/index.php?rest_route=\/wp\/v2\/posts\/64068\/revisions\/64070"}],"wp:featuredmedia":[{"embeddable":true,"href":"https:\/\/www.egemtv.com\/index.php?rest_route=\/wp\/v2\/media\/64069"}],"wp:attachment":[{"href":"https:\/\/www.egemtv.com\/index.php?rest_route=%2Fwp%2Fv2%2Fmedia&parent=64068"}],"wp:term":[{"taxonomy":"category","embeddable":true,"href":"https:\/\/www.egemtv.com\/index.php?rest_route=%2Fwp%2Fv2%2Fcategories&post=64068"},{"taxonomy":"post_tag","embeddable":true,"href":"https:\/\/www.egemtv.com\/index.php?rest_route=%2Fwp%2Fv2%2Ftags&post=64068"}],"curies":[{"name":"wp","href":"https:\/\/api.w.org\/{rel}","templated":true}]}}