{"id":64065,"date":"2025-10-27T12:34:48","date_gmt":"2025-10-27T09:34:48","guid":{"rendered":"https:\/\/www.egemtv.com\/?p=64065"},"modified":"2025-10-27T12:34:51","modified_gmt":"2025-10-27T09:34:51","slug":"marmaris-kaymakami-kaya-huzurlu-marmaris-icin-koordinasyon-sart","status":"publish","type":"post","link":"https:\/\/www.egemtv.com\/?p=64065","title":{"rendered":"Marmaris Kaymakam\u0131 Kaya: &#8220;Huzurlu Marmaris i\u00e7in koordinasyon \u015fart&#8221;"},"content":{"rendered":"<p>Mu\u011fla\u2019n\u0131n Marmaris il\u00e7esi Kaymakam\u0131 Nurullah Kaya ba\u015fkanl\u0131\u011f\u0131nda, il\u00e7e genelinde asayi\u015f ve g\u00fcvenlik konular\u0131n\u0131n de\u011ferlendirildi\u011fi toplant\u0131 ger\u00e7ekle\u015ftirildi.<\/p>\n<p>Marmaris \u0130l\u00e7e Emniyet M\u00fcd\u00fcr\u00fc Samed Seyhan\u2019\u0131n kat\u0131l\u0131\u011f\u0131 toplant\u0131da, Marmaris\u2019te huzur ve g\u00fcven ortam\u0131n\u0131n s\u00fcrd\u00fcr\u00fclebilmesi i\u00e7in y\u00fcr\u00fct\u00fclen \u00e7al\u0131\u015fmalar ele al\u0131nd\u0131. 29 Ekim Cumhuriyet Bayram\u0131 ve il\u00e7ede devam eden etkinlikler ile ilgili al\u0131nacak \u00f6nlemler ve yap\u0131lacak koordineli \u00e7al\u0131\u015fmalar isti\u015fare edildi. Kaymakam Kaya, il\u00e7ede g\u00fcvenli\u011fin sa\u011flanmas\u0131 ad\u0131na kurumlar aras\u0131 i\u015f birli\u011fi ve koordinasyonun \u00f6nemine vurgu yaparak, vatanda\u015flar\u0131n huzur ve g\u00fcvenli\u011fi i\u00e7in \u00e7al\u0131\u015fmalar\u0131n kararl\u0131l\u0131kla s\u00fcrd\u00fcr\u00fclece\u011fini belirtti.<br \/><\/p>\n","protected":false},"excerpt":{"rendered":"<p>Mu\u011fla\u2019n\u0131n Marmaris il\u00e7esi Kaymakam\u0131 Nurullah Kaya ba\u015fkanl\u0131\u011f\u0131nda, il\u00e7e genelinde asayi\u015f ve g\u00fcvenlik konular\u0131n\u0131n de\u011ferlendirildi\u011fi toplant\u0131 ger\u00e7ekle\u015ftirildi. Marmaris \u0130l\u00e7e Emniyet M\u00fcd\u00fcr\u00fc Samed Seyhan\u2019\u0131n kat\u0131l\u0131\u011f\u0131 toplant\u0131da, Marmaris\u2019te huzur ve g\u00fcven ortam\u0131n\u0131n s\u00fcrd\u00fcr\u00fclebilmesi i\u00e7in y\u00fcr\u00fct\u00fclen \u00e7al\u0131\u015fmalar ele al\u0131nd\u0131. 29 Ekim Cumhuriyet Bayram\u0131 ve il\u00e7ede devam eden etkinlikler ile ilgili al\u0131nacak \u00f6nlemler ve yap\u0131lacak koordineli \u00e7al\u0131\u015fmalar isti\u015fare edildi. Kaymakam&#8230;<\/p>\n","protected":false},"author":1,"featured_media":64066,"comment_status":"open","ping_status":"open","sticky":false,"template":"","format":"standard","meta":{"_crdt_document":"","footnotes":""},"categories":[5],"tags":[],"class_list":["post-64065","post","type-post","status-publish","format-standard","has-post-thumbnail","hentry","category-asayis"],"_links":{"self":[{"href":"https:\/\/www.egemtv.com\/index.php?rest_route=\/wp\/v2\/posts\/64065","targetHints":{"allow":["GET"]}}],"collection":[{"href":"https:\/\/www.egemtv.com\/index.php?rest_route=\/wp\/v2\/posts"}],"about":[{"href":"https:\/\/www.egemtv.com\/index.php?rest_route=\/wp\/v2\/types\/post"}],"author":[{"embeddable":true,"href":"https:\/\/www.egemtv.com\/index.php?rest_route=\/wp\/v2\/users\/1"}],"replies":[{"embeddable":true,"href":"https:\/\/www.egemtv.com\/index.php?rest_route=%2Fwp%2Fv2%2Fcomments&post=64065"}],"version-history":[{"count":1,"href":"https:\/\/www.egemtv.com\/index.php?rest_route=\/wp\/v2\/posts\/64065\/revisions"}],"predecessor-version":[{"id":64067,"href":"https:\/\/www.egemtv.com\/index.php?rest_route=\/wp\/v2\/posts\/64065\/revisions\/64067"}],"wp:featuredmedia":[{"embeddable":true,"href":"https:\/\/www.egemtv.com\/index.php?rest_route=\/wp\/v2\/media\/64066"}],"wp:attachment":[{"href":"https:\/\/www.egemtv.com\/index.php?rest_route=%2Fwp%2Fv2%2Fmedia&parent=64065"}],"wp:term":[{"taxonomy":"category","embeddable":true,"href":"https:\/\/www.egemtv.com\/index.php?rest_route=%2Fwp%2Fv2%2Fcategories&post=64065"},{"taxonomy":"post_tag","embeddable":true,"href":"https:\/\/www.egemtv.com\/index.php?rest_route=%2Fwp%2Fv2%2Ftags&post=64065"}],"curies":[{"name":"wp","href":"https:\/\/api.w.org\/{rel}","templated":true}]}}