{"id":64062,"date":"2025-10-27T12:16:01","date_gmt":"2025-10-27T09:16:01","guid":{"rendered":"https:\/\/www.egemtv.com\/?p=64062"},"modified":"2025-10-27T12:16:06","modified_gmt":"2025-10-27T09:16:06","slug":"kasten-yaralama-sucundan-aranan-sahis-nazillide-yakalandi","status":"publish","type":"post","link":"https:\/\/www.egemtv.com\/?p=64062","title":{"rendered":"Kasten yaralama su\u00e7undan aranan \u015fah\u0131s Nazilli\u2019de yakaland\u0131"},"content":{"rendered":"<p>Ayd\u0131n\u2019\u0131n Nazilli il\u00e7esinde kasten yaralama su\u00e7undan hapis cezas\u0131yla aranan \u015fah\u0131s jandarma ekiplerince yakaland\u0131.<\/p>\n<p>Nazilli \u0130l\u00e7e Jandarma Komutanl\u0131\u011f\u0131, Jandarma Su\u00e7 Ara\u015ft\u0131rma Timi (JASAT) ve Merkez Jandarma Karakol Komutanl\u0131\u011f\u0131 ile birlikte ortak bir \u00e7al\u0131\u015fma ger\u00e7ekle\u015ftirdi. Edinilen bilgiye g\u00f6re &#8220;Kasten Yaralama&#8221; su\u00e7undan 3 y\u0131l 1 ay 15 g\u00fcn kesinle\u015fmi\u015f hapis cezas\u0131 ile aranan 1 \u015fah\u0131s yap\u0131lan fiziki takip sonucu yakaland\u0131. G\u00f6zalt\u0131na al\u0131nan \u015fah\u0131s, gerekli i\u015flemlerinin ard\u0131ndan sevk edildi\u011fi adli makamlarca tutuklanarak cezaevine g\u00f6nderildi.<br \/><\/p>\n","protected":false},"excerpt":{"rendered":"<p>Ayd\u0131n\u2019\u0131n Nazilli il\u00e7esinde kasten yaralama su\u00e7undan hapis cezas\u0131yla aranan \u015fah\u0131s jandarma ekiplerince yakaland\u0131. Nazilli \u0130l\u00e7e Jandarma Komutanl\u0131\u011f\u0131, Jandarma Su\u00e7 Ara\u015ft\u0131rma Timi (JASAT) ve Merkez Jandarma Karakol Komutanl\u0131\u011f\u0131 ile birlikte ortak bir \u00e7al\u0131\u015fma ger\u00e7ekle\u015ftirdi. Edinilen bilgiye g\u00f6re &#8220;Kasten Yaralama&#8221; su\u00e7undan 3 y\u0131l 1 ay 15 g\u00fcn kesinle\u015fmi\u015f hapis cezas\u0131 ile aranan 1 \u015fah\u0131s yap\u0131lan fiziki takip&#8230;<\/p>\n","protected":false},"author":1,"featured_media":64063,"comment_status":"open","ping_status":"open","sticky":false,"template":"","format":"standard","meta":{"_crdt_document":"","footnotes":""},"categories":[5],"tags":[],"class_list":["post-64062","post","type-post","status-publish","format-standard","has-post-thumbnail","hentry","category-asayis"],"_links":{"self":[{"href":"https:\/\/www.egemtv.com\/index.php?rest_route=\/wp\/v2\/posts\/64062","targetHints":{"allow":["GET"]}}],"collection":[{"href":"https:\/\/www.egemtv.com\/index.php?rest_route=\/wp\/v2\/posts"}],"about":[{"href":"https:\/\/www.egemtv.com\/index.php?rest_route=\/wp\/v2\/types\/post"}],"author":[{"embeddable":true,"href":"https:\/\/www.egemtv.com\/index.php?rest_route=\/wp\/v2\/users\/1"}],"replies":[{"embeddable":true,"href":"https:\/\/www.egemtv.com\/index.php?rest_route=%2Fwp%2Fv2%2Fcomments&post=64062"}],"version-history":[{"count":1,"href":"https:\/\/www.egemtv.com\/index.php?rest_route=\/wp\/v2\/posts\/64062\/revisions"}],"predecessor-version":[{"id":64064,"href":"https:\/\/www.egemtv.com\/index.php?rest_route=\/wp\/v2\/posts\/64062\/revisions\/64064"}],"wp:featuredmedia":[{"embeddable":true,"href":"https:\/\/www.egemtv.com\/index.php?rest_route=\/wp\/v2\/media\/64063"}],"wp:attachment":[{"href":"https:\/\/www.egemtv.com\/index.php?rest_route=%2Fwp%2Fv2%2Fmedia&parent=64062"}],"wp:term":[{"taxonomy":"category","embeddable":true,"href":"https:\/\/www.egemtv.com\/index.php?rest_route=%2Fwp%2Fv2%2Fcategories&post=64062"},{"taxonomy":"post_tag","embeddable":true,"href":"https:\/\/www.egemtv.com\/index.php?rest_route=%2Fwp%2Fv2%2Ftags&post=64062"}],"curies":[{"name":"wp","href":"https:\/\/api.w.org\/{rel}","templated":true}]}}