{"id":64059,"date":"2025-10-27T12:15:55","date_gmt":"2025-10-27T09:15:55","guid":{"rendered":"https:\/\/www.egemtv.com\/?p=64059"},"modified":"2025-10-27T12:15:57","modified_gmt":"2025-10-27T09:15:57","slug":"iki-ayri-suctan-aranan-sahis-operasyonla-yakalandi","status":"publish","type":"post","link":"https:\/\/www.egemtv.com\/?p=64059","title":{"rendered":"\u0130ki ayr\u0131 su\u00e7tan aranan \u015fah\u0131s operasyonla yakaland\u0131"},"content":{"rendered":"<p>Ayd\u0131n\u2019da iki ayr\u0131 su\u00e7tan hapis cezas\u0131yla aranan \u015fah\u0131s, jandarma ekiplerince k\u0131sk\u0131vrak yakaland\u0131.<\/p>\n<p>Ayd\u0131n \u0130l Jandarma Komutanl\u0131\u011f\u0131 Jandarma Su\u00e7 Ara\u015ft\u0131rma Timi (JASAT) taraf\u0131ndan aranan \u015fah\u0131slar\u0131n yakalanmas\u0131na y\u00f6nelik operasyon ger\u00e7ekle\u015ftirildi. Edinilen bilgiye g\u00f6re &#8220;Kasten \u00d6ld\u00fcrme ve H\u00fck\u00fcml\u00fc veya Tutuklunun Ka\u00e7mas\u0131&#8221; su\u00e7lar\u0131ndan aranan 1 \u015fah\u0131s d\u00fczenlenen operasyonla yakaland\u0131. Hakk\u0131nda 5 y\u0131l 10 ay kesinle\u015fmi\u015f hapis cezas\u0131 bulunan \u015fah\u0131s, gerekli i\u015flemlerinin ard\u0131ndan sevk edildi\u011fi adli makamlarca tutuklanarak cezaevine g\u00f6nderildi.<br \/><\/p>\n","protected":false},"excerpt":{"rendered":"<p>Ayd\u0131n\u2019da iki ayr\u0131 su\u00e7tan hapis cezas\u0131yla aranan \u015fah\u0131s, jandarma ekiplerince k\u0131sk\u0131vrak yakaland\u0131. Ayd\u0131n \u0130l Jandarma Komutanl\u0131\u011f\u0131 Jandarma Su\u00e7 Ara\u015ft\u0131rma Timi (JASAT) taraf\u0131ndan aranan \u015fah\u0131slar\u0131n yakalanmas\u0131na y\u00f6nelik operasyon ger\u00e7ekle\u015ftirildi. Edinilen bilgiye g\u00f6re &#8220;Kasten \u00d6ld\u00fcrme ve H\u00fck\u00fcml\u00fc veya Tutuklunun Ka\u00e7mas\u0131&#8221; su\u00e7lar\u0131ndan aranan 1 \u015fah\u0131s d\u00fczenlenen operasyonla yakaland\u0131. Hakk\u0131nda 5 y\u0131l 10 ay kesinle\u015fmi\u015f hapis cezas\u0131 bulunan \u015fah\u0131s,&#8230;<\/p>\n","protected":false},"author":1,"featured_media":64060,"comment_status":"open","ping_status":"open","sticky":false,"template":"","format":"standard","meta":{"_crdt_document":"","footnotes":""},"categories":[5],"tags":[],"class_list":["post-64059","post","type-post","status-publish","format-standard","has-post-thumbnail","hentry","category-asayis"],"_links":{"self":[{"href":"https:\/\/www.egemtv.com\/index.php?rest_route=\/wp\/v2\/posts\/64059","targetHints":{"allow":["GET"]}}],"collection":[{"href":"https:\/\/www.egemtv.com\/index.php?rest_route=\/wp\/v2\/posts"}],"about":[{"href":"https:\/\/www.egemtv.com\/index.php?rest_route=\/wp\/v2\/types\/post"}],"author":[{"embeddable":true,"href":"https:\/\/www.egemtv.com\/index.php?rest_route=\/wp\/v2\/users\/1"}],"replies":[{"embeddable":true,"href":"https:\/\/www.egemtv.com\/index.php?rest_route=%2Fwp%2Fv2%2Fcomments&post=64059"}],"version-history":[{"count":1,"href":"https:\/\/www.egemtv.com\/index.php?rest_route=\/wp\/v2\/posts\/64059\/revisions"}],"predecessor-version":[{"id":64061,"href":"https:\/\/www.egemtv.com\/index.php?rest_route=\/wp\/v2\/posts\/64059\/revisions\/64061"}],"wp:featuredmedia":[{"embeddable":true,"href":"https:\/\/www.egemtv.com\/index.php?rest_route=\/wp\/v2\/media\/64060"}],"wp:attachment":[{"href":"https:\/\/www.egemtv.com\/index.php?rest_route=%2Fwp%2Fv2%2Fmedia&parent=64059"}],"wp:term":[{"taxonomy":"category","embeddable":true,"href":"https:\/\/www.egemtv.com\/index.php?rest_route=%2Fwp%2Fv2%2Fcategories&post=64059"},{"taxonomy":"post_tag","embeddable":true,"href":"https:\/\/www.egemtv.com\/index.php?rest_route=%2Fwp%2Fv2%2Ftags&post=64059"}],"curies":[{"name":"wp","href":"https:\/\/api.w.org\/{rel}","templated":true}]}}