{"id":64056,"date":"2025-10-27T12:15:49","date_gmt":"2025-10-27T09:15:49","guid":{"rendered":"https:\/\/www.egemtv.com\/?p=64056"},"modified":"2025-10-27T12:15:51","modified_gmt":"2025-10-27T09:15:51","slug":"aydinfestte-55-bin-kisi-muzikle-bulustu","status":"publish","type":"post","link":"https:\/\/www.egemtv.com\/?p=64056","title":{"rendered":"Ayd\u0131nfest\u2019te 55 bin ki\u015fi m\u00fczikle bulu\u015ftu"},"content":{"rendered":"<p>Ayd\u0131n B\u00fcy\u00fck\u015fehir Belediyesi\u2019nin d\u00fczenledi\u011fi Ayd\u0131nfest Gen\u00e7lik Festivali, ikinci g\u00fcn\u00fcnde de t\u00fcm Ayd\u0131nl\u0131lar\u0131 m\u00fczik ile bulu\u015fturdu. Konserler ve birbirinden e\u011flenceli etkinliklerle ba\u015flayan festival, ikinci g\u00fcn\u00fcnde binlerce gencin kat\u0131l\u0131m\u0131yla daha da b\u00fcy\u00fcd\u00fc.<\/p>\n<p>55 binden fazla Ayd\u0131nl\u0131, festival alan\u0131nda bir araya gelerek Zeynep Bast\u0131k, Poizi ve Dedubl\u00fcman\u2019\u0131n performanslar\u0131n\u0131 izledi. Alan\u0131 dolduran on binlerce m\u00fcziksever \u015fark\u0131lara hep bir a\u011f\u0131zdan e\u015flik etti, festivalde e\u011flence doru\u011fa ula\u015ft\u0131.<\/p>\n<p>Ayd\u0131n B\u00fcy\u00fck\u015fehir Belediye Ba\u015fkan\u0131 \u00d6zlem \u00c7er\u00e7io\u011flu\u2019nun davetine yan\u0131t veren on binlerce Ayd\u0131nl\u0131, festival alan\u0131n\u0131 doldurarak co\u015fkuya ortak oldu. Ayd\u0131nl\u0131lar, &#8220;Ayd\u0131nfest art\u0131k sadece bir festival de\u011fil, Ayd\u0131n\u2019\u0131n birlik g\u00fcn\u00fc&#8221; diyerek, bu organizasyonu kente kazand\u0131ran Ba\u015fkan \u00c7er\u00e7io\u011flu\u2019na te\u015fekk\u00fcr etti.<\/p>\n<p>Ayd\u0131nfest Gen\u00e7lik Festivali, \u00fc\u00e7\u00fcnc\u00fc g\u00fcn\u00fcnde Norm Ender, Emir Can \u0130\u011frek ve Sena \u015eener konserleri ile devam edecek. Festival, 28 Ekim Sal\u0131 g\u00fcn\u00fc Buray, Ati242 ve M Lisa konserleri ile son bulacak.<br \/><\/p>\n","protected":false},"excerpt":{"rendered":"<p>Ayd\u0131n B\u00fcy\u00fck\u015fehir Belediyesi\u2019nin d\u00fczenledi\u011fi Ayd\u0131nfest Gen\u00e7lik Festivali, ikinci g\u00fcn\u00fcnde de t\u00fcm Ayd\u0131nl\u0131lar\u0131 m\u00fczik ile bulu\u015fturdu. Konserler ve birbirinden e\u011flenceli etkinliklerle ba\u015flayan festival, ikinci g\u00fcn\u00fcnde binlerce gencin kat\u0131l\u0131m\u0131yla daha da b\u00fcy\u00fcd\u00fc. 55 binden fazla Ayd\u0131nl\u0131, festival alan\u0131nda bir araya gelerek Zeynep Bast\u0131k, Poizi ve Dedubl\u00fcman\u2019\u0131n performanslar\u0131n\u0131 izledi. Alan\u0131 dolduran on binlerce m\u00fcziksever \u015fark\u0131lara hep bir a\u011f\u0131zdan&#8230;<\/p>\n","protected":false},"author":1,"featured_media":64057,"comment_status":"open","ping_status":"open","sticky":false,"template":"","format":"standard","meta":{"_crdt_document":"","footnotes":""},"categories":[1],"tags":[],"class_list":["post-64056","post","type-post","status-publish","format-standard","has-post-thumbnail","hentry","category-guncel"],"_links":{"self":[{"href":"https:\/\/www.egemtv.com\/index.php?rest_route=\/wp\/v2\/posts\/64056","targetHints":{"allow":["GET"]}}],"collection":[{"href":"https:\/\/www.egemtv.com\/index.php?rest_route=\/wp\/v2\/posts"}],"about":[{"href":"https:\/\/www.egemtv.com\/index.php?rest_route=\/wp\/v2\/types\/post"}],"author":[{"embeddable":true,"href":"https:\/\/www.egemtv.com\/index.php?rest_route=\/wp\/v2\/users\/1"}],"replies":[{"embeddable":true,"href":"https:\/\/www.egemtv.com\/index.php?rest_route=%2Fwp%2Fv2%2Fcomments&post=64056"}],"version-history":[{"count":1,"href":"https:\/\/www.egemtv.com\/index.php?rest_route=\/wp\/v2\/posts\/64056\/revisions"}],"predecessor-version":[{"id":64058,"href":"https:\/\/www.egemtv.com\/index.php?rest_route=\/wp\/v2\/posts\/64056\/revisions\/64058"}],"wp:featuredmedia":[{"embeddable":true,"href":"https:\/\/www.egemtv.com\/index.php?rest_route=\/wp\/v2\/media\/64057"}],"wp:attachment":[{"href":"https:\/\/www.egemtv.com\/index.php?rest_route=%2Fwp%2Fv2%2Fmedia&parent=64056"}],"wp:term":[{"taxonomy":"category","embeddable":true,"href":"https:\/\/www.egemtv.com\/index.php?rest_route=%2Fwp%2Fv2%2Fcategories&post=64056"},{"taxonomy":"post_tag","embeddable":true,"href":"https:\/\/www.egemtv.com\/index.php?rest_route=%2Fwp%2Fv2%2Ftags&post=64056"}],"curies":[{"name":"wp","href":"https:\/\/api.w.org\/{rel}","templated":true}]}}