{"id":64053,"date":"2025-10-27T12:15:44","date_gmt":"2025-10-27T09:15:44","guid":{"rendered":"https:\/\/www.egemtv.com\/?p=64053"},"modified":"2025-10-27T12:15:47","modified_gmt":"2025-10-27T09:15:47","slug":"emirbeyazit-ilkokulundan-gazzeye-umut-sergisi","status":"publish","type":"post","link":"https:\/\/www.egemtv.com\/?p=64053","title":{"rendered":"Emirbeyaz\u0131t \u0130lkokulu\u2019ndan Gazze\u2019ye &#8220;Umut&#8221; sergisi"},"content":{"rendered":"<p>-Mill\u00ee E\u011fitim Bakanl\u0131\u011f\u0131 himayelerinde y\u00fcr\u00fct\u00fclen &#8220;\u00c7evreme Duyarl\u0131y\u0131m, De\u011ferlerime Sahip \u00c7\u0131k\u0131yorum&#8221; (\u00c7EDES) projesi kapsam\u0131nda, &#8220;Bir okul, bir umut&#8221; temas\u0131yla \u00f6zel bir etkinlik ger\u00e7ekle\u015ftirildi.<\/p>\n<p>Gazze\u2019deki ihtiya\u00e7 sahipleri yarar\u0131na d\u00fczenlenen Gazze sergisi, Emirbeyaz\u0131t \u0130lkokulunda \u00f6\u011frenci, \u00f6\u011fretmen ve velilerin yo\u011fun kat\u0131l\u0131m\u0131yla yap\u0131ld\u0131. Sergi okuldaki t\u00fcm payda\u015flar\u0131n g\u00f6n\u00fcl birli\u011fiyle hareket etmesi sonucu b\u00fcy\u00fck bir ba\u015far\u0131yla tamamland\u0131. Etkinlikten elde edilen gelirin, Gazze\u2019deki ma\u011fdurlara ula\u015ft\u0131r\u0131lmak \u00fczere kullan\u0131laca\u011f\u0131 belirtildi.<\/p>\n<p>Anlaml\u0131 etkinli\u011fe ziyaret ger\u00e7ekle\u015ftiren Mu\u011fla \u0130l Mill\u00ee E\u011fitim M\u00fcd\u00fcr\u00fc Emre \u00c7ay, serginin \u00f6nemine vurgu yapt\u0131. M\u00fcd\u00fcr \u00c7ay, eme\u011fi ge\u00e7en t\u00fcm \u00f6\u011fretmen ve \u00f6\u011frencilere te\u015fekk\u00fcrlerini ileterek, duyarl\u0131l\u0131kla y\u00fcr\u00fct\u00fclen bu t\u00fcr faaliyetlerin; toplumdaki payla\u015fma, yard\u0131mla\u015fma ve merhamet gibi de\u011ferleri g\u00fc\u00e7lendirdi\u011fini ifade etti.<br \/><\/p>\n","protected":false},"excerpt":{"rendered":"<p>-Mill\u00ee E\u011fitim Bakanl\u0131\u011f\u0131 himayelerinde y\u00fcr\u00fct\u00fclen &#8220;\u00c7evreme Duyarl\u0131y\u0131m, De\u011ferlerime Sahip \u00c7\u0131k\u0131yorum&#8221; (\u00c7EDES) projesi kapsam\u0131nda, &#8220;Bir okul, bir umut&#8221; temas\u0131yla \u00f6zel bir etkinlik ger\u00e7ekle\u015ftirildi. Gazze\u2019deki ihtiya\u00e7 sahipleri yarar\u0131na d\u00fczenlenen Gazze sergisi, Emirbeyaz\u0131t \u0130lkokulunda \u00f6\u011frenci, \u00f6\u011fretmen ve velilerin yo\u011fun kat\u0131l\u0131m\u0131yla yap\u0131ld\u0131. Sergi okuldaki t\u00fcm payda\u015flar\u0131n g\u00f6n\u00fcl birli\u011fiyle hareket etmesi sonucu b\u00fcy\u00fck bir ba\u015far\u0131yla tamamland\u0131. Etkinlikten elde edilen gelirin,&#8230;<\/p>\n","protected":false},"author":1,"featured_media":64054,"comment_status":"open","ping_status":"open","sticky":false,"template":"","format":"standard","meta":{"_crdt_document":"","footnotes":""},"categories":[1],"tags":[],"class_list":["post-64053","post","type-post","status-publish","format-standard","has-post-thumbnail","hentry","category-guncel"],"_links":{"self":[{"href":"https:\/\/www.egemtv.com\/index.php?rest_route=\/wp\/v2\/posts\/64053","targetHints":{"allow":["GET"]}}],"collection":[{"href":"https:\/\/www.egemtv.com\/index.php?rest_route=\/wp\/v2\/posts"}],"about":[{"href":"https:\/\/www.egemtv.com\/index.php?rest_route=\/wp\/v2\/types\/post"}],"author":[{"embeddable":true,"href":"https:\/\/www.egemtv.com\/index.php?rest_route=\/wp\/v2\/users\/1"}],"replies":[{"embeddable":true,"href":"https:\/\/www.egemtv.com\/index.php?rest_route=%2Fwp%2Fv2%2Fcomments&post=64053"}],"version-history":[{"count":1,"href":"https:\/\/www.egemtv.com\/index.php?rest_route=\/wp\/v2\/posts\/64053\/revisions"}],"predecessor-version":[{"id":64055,"href":"https:\/\/www.egemtv.com\/index.php?rest_route=\/wp\/v2\/posts\/64053\/revisions\/64055"}],"wp:featuredmedia":[{"embeddable":true,"href":"https:\/\/www.egemtv.com\/index.php?rest_route=\/wp\/v2\/media\/64054"}],"wp:attachment":[{"href":"https:\/\/www.egemtv.com\/index.php?rest_route=%2Fwp%2Fv2%2Fmedia&parent=64053"}],"wp:term":[{"taxonomy":"category","embeddable":true,"href":"https:\/\/www.egemtv.com\/index.php?rest_route=%2Fwp%2Fv2%2Fcategories&post=64053"},{"taxonomy":"post_tag","embeddable":true,"href":"https:\/\/www.egemtv.com\/index.php?rest_route=%2Fwp%2Fv2%2Ftags&post=64053"}],"curies":[{"name":"wp","href":"https:\/\/api.w.org\/{rel}","templated":true}]}}