{"id":64050,"date":"2025-10-27T11:56:40","date_gmt":"2025-10-27T08:56:40","guid":{"rendered":"https:\/\/www.egemtv.com\/?p=64050"},"modified":"2025-10-27T11:56:41","modified_gmt":"2025-10-27T08:56:41","slug":"eu-mezunu-milli-cimnastikci-adem-asil-dunya-2ncisi-oldu","status":"publish","type":"post","link":"https:\/\/www.egemtv.com\/?p=64050","title":{"rendered":"E\u00dc Mezunu Milli Cimnastik\u00e7i Adem Asil, d\u00fcnya 2\u2019ncisi oldu"},"content":{"rendered":"<p>D\u00fcnya Artistik Cimnastik \u015eampiyonas\u0131\u2019nda m\u00fccadele eden Ege \u00dcniversitesi Spor Bilimleri Fak\u00fcltesi mezunu Adem Asil, erkekler bireysel halka aletinde g\u00fcm\u00fc\u015f madalya kazand\u0131.<br \/>\n<br \/>Ba\u015far\u0131l\u0131 sporcuyu performans\u0131ndan dolay\u0131 kutlayan Ege \u00dcniversitesi Rekt\u00f6r\u00fc Prof. Dr. Necdet Budak, &#8220;Ege \u00dcniversitesi sporcular\u0131 bayra\u011f\u0131m\u0131z\u0131 uluslararas\u0131 arenada dalgaland\u0131rmaya devam ediyorlar. \u00dcniversitemiz spor ekosisteminde yeti\u015fen Spor Bilimleri Fak\u00fcltemiz mezunu milli gururumuz Adem Asil, Endonezya\u2019da d\u00fczenlenen \u2018Artistik Cimnastik D\u00fcnya \u015eampiyonas\u0131\u2019nda halka aletinde g\u00fcm\u00fc\u015f madalya kazanarak d\u00fcnya ikincisi oldu. Milli sporcumuzu \u00fcst\u00fcn performans\u0131 ve azmi dolay\u0131s\u0131yla y\u00fcrekten kutluyorum. \u00dclkemize ve \u00fcniversitemize ya\u015fatt\u0131\u011f\u0131 bu \u00f6zel anlar i\u00e7in kendisine te\u015fekk\u00fcr ediyorum&#8221; dedi.<br \/><\/p>\n","protected":false},"excerpt":{"rendered":"<p>D\u00fcnya Artistik Cimnastik \u015eampiyonas\u0131\u2019nda m\u00fccadele eden Ege \u00dcniversitesi Spor Bilimleri Fak\u00fcltesi mezunu Adem Asil, erkekler bireysel halka aletinde g\u00fcm\u00fc\u015f madalya kazand\u0131. Ba\u015far\u0131l\u0131 sporcuyu performans\u0131ndan dolay\u0131 kutlayan Ege \u00dcniversitesi Rekt\u00f6r\u00fc Prof. Dr. Necdet Budak, &#8220;Ege \u00dcniversitesi sporcular\u0131 bayra\u011f\u0131m\u0131z\u0131 uluslararas\u0131 arenada dalgaland\u0131rmaya devam ediyorlar. \u00dcniversitemiz spor ekosisteminde yeti\u015fen Spor Bilimleri Fak\u00fcltemiz mezunu milli gururumuz Adem Asil, Endonezya\u2019da&#8230;<\/p>\n","protected":false},"author":1,"featured_media":64051,"comment_status":"open","ping_status":"open","sticky":false,"template":"","format":"standard","meta":{"_crdt_document":"","footnotes":""},"categories":[4],"tags":[],"class_list":["post-64050","post","type-post","status-publish","format-standard","has-post-thumbnail","hentry","category-spor"],"_links":{"self":[{"href":"https:\/\/www.egemtv.com\/index.php?rest_route=\/wp\/v2\/posts\/64050","targetHints":{"allow":["GET"]}}],"collection":[{"href":"https:\/\/www.egemtv.com\/index.php?rest_route=\/wp\/v2\/posts"}],"about":[{"href":"https:\/\/www.egemtv.com\/index.php?rest_route=\/wp\/v2\/types\/post"}],"author":[{"embeddable":true,"href":"https:\/\/www.egemtv.com\/index.php?rest_route=\/wp\/v2\/users\/1"}],"replies":[{"embeddable":true,"href":"https:\/\/www.egemtv.com\/index.php?rest_route=%2Fwp%2Fv2%2Fcomments&post=64050"}],"version-history":[{"count":1,"href":"https:\/\/www.egemtv.com\/index.php?rest_route=\/wp\/v2\/posts\/64050\/revisions"}],"predecessor-version":[{"id":64052,"href":"https:\/\/www.egemtv.com\/index.php?rest_route=\/wp\/v2\/posts\/64050\/revisions\/64052"}],"wp:featuredmedia":[{"embeddable":true,"href":"https:\/\/www.egemtv.com\/index.php?rest_route=\/wp\/v2\/media\/64051"}],"wp:attachment":[{"href":"https:\/\/www.egemtv.com\/index.php?rest_route=%2Fwp%2Fv2%2Fmedia&parent=64050"}],"wp:term":[{"taxonomy":"category","embeddable":true,"href":"https:\/\/www.egemtv.com\/index.php?rest_route=%2Fwp%2Fv2%2Fcategories&post=64050"},{"taxonomy":"post_tag","embeddable":true,"href":"https:\/\/www.egemtv.com\/index.php?rest_route=%2Fwp%2Fv2%2Ftags&post=64050"}],"curies":[{"name":"wp","href":"https:\/\/api.w.org\/{rel}","templated":true}]}}