{"id":64047,"date":"2025-10-27T11:56:35","date_gmt":"2025-10-27T08:56:35","guid":{"rendered":"https:\/\/www.egemtv.com\/?p=64047"},"modified":"2025-10-27T11:56:37","modified_gmt":"2025-10-27T08:56:37","slug":"baskan-ozkandan-korsanla-ilgili-net-mesaj-batakligi-kurutmak-gerekir","status":"publish","type":"post","link":"https:\/\/www.egemtv.com\/?p=64047","title":{"rendered":"Ba\u015fkan \u00d6zkan\u2019dan korsanla ilgili net mesaj: &#8220;Batakl\u0131\u011f\u0131 kurutmak gerekir&#8221;"},"content":{"rendered":"<p>\u0130zmir \u015eof\u00f6rler ve Otomobilciler Esnaf Odas\u0131 Ba\u015fkan\u0131 Erkan \u00d6zkan, korsan ta\u015f\u0131mac\u0131l\u0131kla m\u00fccadelenin yaln\u0131zca sahada yap\u0131lan denetimlerle s\u0131n\u0131rl\u0131 kalmamas\u0131 gerekti\u011fini belirterek, &#8220;Korsanla m\u00fccadelede esas mesele sinekleri \u00f6ld\u00fcrmek de\u011fil, batakl\u0131\u011f\u0131 kurutmakt\u0131r&#8221; dedi.<br \/>\n<br \/>Erkan \u00d6zkan a\u00e7\u0131klamas\u0131nda, &#8220;Her g\u00fcn korsan ta\u015f\u0131mac\u0131l\u0131kla ilgili bireysel i\u015flemler yap\u0131l\u0131yor, cezalar kesiliyor, ara\u00e7lar ba\u011flan\u0131yor. Ancak ertesi g\u00fcn ayn\u0131 yerden ba\u015fka bir ara\u00e7 \u00e7\u0131k\u0131yor. \u00c7\u00fcnk\u00fc biz sadece sinekleri \u00f6ld\u00fcr\u00fcyoruz. Oysa batakl\u0131k kurumad\u0131k\u00e7a bu sorun k\u00f6k\u00fcnden \u00e7\u00f6z\u00fclmez&#8221; ifadelerini kulland\u0131.<br \/>\n<br \/>Korsan ta\u015f\u0131mac\u0131l\u0131kla m\u00fccadelede yasal zeminin g\u00fc\u00e7lendirilmesi gerekti\u011fini vurgulayan \u00d6zkan, &#8220;Bu m\u00fccadele sadece sahada denetimle y\u00fcr\u00fct\u00fclemez. \u015eu anda Ankara\u2019da en \u00fcst d\u00fczey b\u00fcrokratlarla, ilgili bakanl\u0131klarla g\u00f6r\u00fc\u015fmeler s\u00fcr\u00fcyor. H\u00fck\u00fcmetimizle birlikte imza a\u015famas\u0131na gelen \u00e7ok \u00f6nemli d\u00fczenlemeler var&#8221; dedi.<br \/>\n<br \/>Korsan ta\u015f\u0131mac\u0131l\u0131kla m\u00fccadelenin t\u00fcm payda\u015flar\u0131n ortak sorumlulu\u011fu oldu\u011funu vurgulayan Erkan \u00d6zkan, bu s\u00fcre\u00e7te destek veren kurum ve y\u00f6neticilere te\u015fekk\u00fcr ederek, &#8220;Her zaman yan\u0131m\u0131zda olan \u0130zmir Esnaf ve Sanatkarlar Odalar\u0131 Birli\u011fi Ba\u015fkan\u0131 Yal\u00e7\u0131n Ata\u2019ya, esnaf\u0131m\u0131z\u0131n her zaman yan\u0131nda duran T\u00fcrkiye \u015eof\u00f6rler ve Otomobilciler Federasyonu Ba\u015fkan\u0131 Mehmet Yi\u011finer\u2019e verdikleri g\u00fc\u00e7l\u00fc destek i\u00e7in te\u015fekk\u00fcr ediyorum. Bu dayan\u0131\u015fma, bizim g\u00fcc\u00fcm\u00fcz\u00fc art\u0131r\u0131yor&#8221; ifadelerinde bulundu.<\/p>\n<p>&#8220;Yasal bo\u015fluklar kapat\u0131lmadan kal\u0131c\u0131 \u00e7\u00f6z\u00fcm m\u00fcmk\u00fcn de\u011fil&#8221;<br \/>\n<br \/>Erkan \u00d6zkan, dijital platformlar \u00fczerinden yap\u0131lan korsan ta\u015f\u0131mac\u0131l\u0131\u011f\u0131n \u00f6n\u00fcn\u00fc kesmek i\u00e7in Karayollar\u0131 Trafik Kanunu ve ilgili y\u00f6netmeliklerde a\u00e7\u0131k, cayd\u0131r\u0131c\u0131 yapt\u0131r\u0131mlar\u0131n \u015fart oldu\u011funu s\u00f6yleyerek, \u015f\u00f6yle devam etti:<br \/>\n<br \/>&#8220;Bug\u00fcn teknolojiyi bahane ederek korsanl\u0131k yapan ki\u015fi ve \u015firketler, esnaf\u0131n eme\u011fini \u00e7al\u0131yor. Bu konuda a\u00e7\u0131k h\u00fck\u00fcm konulmal\u0131; korsan ta\u015f\u0131mac\u0131l\u0131k tamamen yasaklanmal\u0131, arac\u0131yla korsan faaliyette bulunanlar\u0131n ara\u00e7lar\u0131 trafikten men edilmeli ve ehliyetlerine el konulmal\u0131d\u0131r.&#8221;<br \/>\n<br \/>Korsan ta\u015f\u0131mac\u0131l\u0131\u011f\u0131n sadece bir esnaf sorunu de\u011fil, devletin vergi kayb\u0131, kamu g\u00fcvenli\u011fi ve vatanda\u015f hakk\u0131 a\u00e7\u0131s\u0131ndan da b\u00fcy\u00fck bir mesele oldu\u011funu belirten Erkan \u00d6zkan, &#8220;Biz taksiciler olarak vergi veriyoruz, sigortam\u0131z\u0131 \u00f6d\u00fcyoruz, mevzuata uygun \u00e7al\u0131\u015f\u0131yoruz. Emek veren, al\u0131n teri d\u00f6ken insanlar\u0131n eme\u011fini gasp eden korsan ta\u015f\u0131mac\u0131l\u0131\u011fa kar\u015f\u0131 hep birlikte durmak zorunday\u0131z. Bu, taksicinin de\u011fil, devletin m\u00fccadelesidir&#8221; dedi.<\/p>\n<p>Korsan ta\u015f\u0131mac\u0131l\u0131\u011fa a\u011f\u0131r yapt\u0131r\u0131mlar<br \/>\n<br \/>Yeni 2918 Say\u0131l\u0131 Karayolu Trafik Kanunu de\u011fi\u015fikli\u011fiyle, korsan ta\u015f\u0131mac\u0131l\u0131k faaliyetleriyle m\u00fccadelede \u00f6nemli bir d\u00f6nemece girildi. Erkan \u00d6zkan, &#8220;Korsan ta\u015f\u0131mac\u0131l\u0131k yapanlara art\u0131k ciddi yapt\u0131r\u0131mlar geliyor. Yeni d\u00fczenlemeye g\u00f6re bu t\u00fcr faaliyetlerde bulunanlara 100 bin lira idari para cezas\u0131, 60 g\u00fcn s\u00fcreyle ara\u00e7 ba\u011flama, 30 g\u00fcn s\u00fcreyle s\u00fcr\u00fcc\u00fc belgesine el koyma cezalar\u0131 uygulanacak. Art\u0131k bu i\u015fin \u015fakas\u0131 yok. Tekrarlayanlar i\u00e7in 200 bin lira para cezas\u0131, 120 g\u00fcn ara\u00e7 ba\u011flama ve 60 g\u00fcn ehliyete el koyma cezalar\u0131 uygulanacak. Bu ad\u0131m, cayd\u0131r\u0131c\u0131l\u0131\u011f\u0131 en \u00fcst seviyeye ta\u015f\u0131yacak&#8221; dedi.<\/p>\n<p>Korsa ta\u015f\u0131mac\u0131l\u0131k yapanlara \u2019\u00d6m\u00fcr boyu men\u2019 d\u00f6nemi<br \/>\n<br \/>Yeni d\u00fczenlemenin en dikkat \u00e7eken maddelerinden birinin, korsan ta\u015f\u0131mac\u0131l\u0131k yapanlara \u00f6m\u00fcr boyu men uygulamas\u0131 oldu\u011funu vurgulayan Erkan \u00d6zkan, \u015f\u00f6yle konu\u015ftu:<br \/>\n<br \/>&#8220;Be\u015f y\u0131l i\u00e7inde iki kez korsan ta\u015f\u0131mac\u0131l\u0131ktan dolay\u0131 ehliyetine el konulan s\u00fcr\u00fcc\u00fcler, art\u0131k bir daha toplu ta\u015f\u0131mada \u00e7al\u0131\u015famayacak. Bu sadece bir ceza de\u011fil, toplu ta\u015f\u0131man\u0131n g\u00fcvenilirli\u011fini koruma karar\u0131d\u0131r. Kay\u0131t d\u0131\u015f\u0131l\u0131\u011fa, haks\u0131z rekabete art\u0131k yer yok.&#8221;<\/p>\n<p>&#8220;\u0130zmir bu m\u00fccadelenin \u00f6nc\u00fcs\u00fc olacak&#8221;<br \/>\n<br \/>\u0130zmir \u015eof\u00f6rler ve Otomobilciler Esnaf Odas\u0131 Ba\u015fkan\u0131 Erkan \u00d6zkan, May\u0131s 2025\u2019te kamuoyuna duyurduklar\u0131 yeni d\u00fczenlemenin T\u00fcrkiye B\u00fcy\u00fck Millet Meclisi Genel Kurulu\u2019nda g\u00f6r\u00fc\u015f\u00fcld\u00fc\u011f\u00fcn\u00fc a\u00e7\u0131klad\u0131. \u00d6zkan, d\u00fczenlemenin \u00e7ok k\u0131sa bir s\u00fcre i\u00e7inde Resm\u00ee Gazete\u2019de yay\u0131mlanmas\u0131n\u0131 ve 1 Ocak 2026 itibar\u0131yla y\u00fcr\u00fcrl\u00fc\u011fe girmesini beklediklerini belirterek, &#8220;Uzun s\u00fcredir korsan ta\u015f\u0131mac\u0131l\u0131kla m\u00fccadele ediyoruz. \u0130zmir\u2019den y\u00fckselen bu ses, sonunda Ankara\u2019da kar\u015f\u0131l\u0131k buldu. Bu, sadece bir yasa de\u011fi\u015fikli\u011fi de\u011fil; al\u0131n teriyle, eme\u011fiyle \u00e7al\u0131\u015fan t\u00fcm esnaf\u0131m\u0131z\u0131n hakk\u0131n\u0131 koruyan tarihi bir ad\u0131m&#8221; ifadelerini kulland\u0131.<br \/><\/p>\n","protected":false},"excerpt":{"rendered":"<p>\u0130zmir \u015eof\u00f6rler ve Otomobilciler Esnaf Odas\u0131 Ba\u015fkan\u0131 Erkan \u00d6zkan, korsan ta\u015f\u0131mac\u0131l\u0131kla m\u00fccadelenin yaln\u0131zca sahada yap\u0131lan denetimlerle s\u0131n\u0131rl\u0131 kalmamas\u0131 gerekti\u011fini belirterek, &#8220;Korsanla m\u00fccadelede esas mesele sinekleri \u00f6ld\u00fcrmek de\u011fil, batakl\u0131\u011f\u0131 kurutmakt\u0131r&#8221; dedi. Erkan \u00d6zkan a\u00e7\u0131klamas\u0131nda, &#8220;Her g\u00fcn korsan ta\u015f\u0131mac\u0131l\u0131kla ilgili bireysel i\u015flemler yap\u0131l\u0131yor, cezalar kesiliyor, ara\u00e7lar ba\u011flan\u0131yor. Ancak ertesi g\u00fcn ayn\u0131 yerden ba\u015fka bir ara\u00e7 \u00e7\u0131k\u0131yor. \u00c7\u00fcnk\u00fc&#8230;<\/p>\n","protected":false},"author":1,"featured_media":64048,"comment_status":"open","ping_status":"open","sticky":false,"template":"","format":"standard","meta":{"_crdt_document":"","footnotes":""},"categories":[1],"tags":[],"class_list":["post-64047","post","type-post","status-publish","format-standard","has-post-thumbnail","hentry","category-guncel"],"_links":{"self":[{"href":"https:\/\/www.egemtv.com\/index.php?rest_route=\/wp\/v2\/posts\/64047","targetHints":{"allow":["GET"]}}],"collection":[{"href":"https:\/\/www.egemtv.com\/index.php?rest_route=\/wp\/v2\/posts"}],"about":[{"href":"https:\/\/www.egemtv.com\/index.php?rest_route=\/wp\/v2\/types\/post"}],"author":[{"embeddable":true,"href":"https:\/\/www.egemtv.com\/index.php?rest_route=\/wp\/v2\/users\/1"}],"replies":[{"embeddable":true,"href":"https:\/\/www.egemtv.com\/index.php?rest_route=%2Fwp%2Fv2%2Fcomments&post=64047"}],"version-history":[{"count":1,"href":"https:\/\/www.egemtv.com\/index.php?rest_route=\/wp\/v2\/posts\/64047\/revisions"}],"predecessor-version":[{"id":64049,"href":"https:\/\/www.egemtv.com\/index.php?rest_route=\/wp\/v2\/posts\/64047\/revisions\/64049"}],"wp:featuredmedia":[{"embeddable":true,"href":"https:\/\/www.egemtv.com\/index.php?rest_route=\/wp\/v2\/media\/64048"}],"wp:attachment":[{"href":"https:\/\/www.egemtv.com\/index.php?rest_route=%2Fwp%2Fv2%2Fmedia&parent=64047"}],"wp:term":[{"taxonomy":"category","embeddable":true,"href":"https:\/\/www.egemtv.com\/index.php?rest_route=%2Fwp%2Fv2%2Fcategories&post=64047"},{"taxonomy":"post_tag","embeddable":true,"href":"https:\/\/www.egemtv.com\/index.php?rest_route=%2Fwp%2Fv2%2Ftags&post=64047"}],"curies":[{"name":"wp","href":"https:\/\/api.w.org\/{rel}","templated":true}]}}