{"id":64017,"date":"2025-10-27T10:15:02","date_gmt":"2025-10-27T07:15:02","guid":{"rendered":"https:\/\/www.egemtv.com\/?p=64017"},"modified":"2025-10-27T10:15:15","modified_gmt":"2025-10-27T07:15:15","slug":"usak-universitesi-universite-koy-bulusmalarina-devam-ediyor","status":"publish","type":"post","link":"https:\/\/www.egemtv.com\/?p=64017","title":{"rendered":"U\u015fak \u00dcniversitesi \u00dcniversite-K\u00f6y bulu\u015fmalar\u0131na devam ediyor"},"content":{"rendered":"<p>U\u015fak \u00dcniversitesi, &#8220;\u00dcniversite-K\u00f6y Bulu\u015fmalar\u0131&#8221; kapsam\u0131nda bu hafta Sivasl\u0131 il\u00e7esine ba\u011fl\u0131 Karaboyal\u0131k K\u00f6y\u00fc\u2019nde a\u011f\u0131z ve di\u015f sa\u011fl\u0131\u011f\u0131 fark\u0131ndal\u0131\u011f\u0131 olu\u015fturmak amac\u0131yla bir etkinlik d\u00fczenledi.<\/p>\n<p>U\u015fak \u00dcniversitesi Di\u015f Hekimli\u011fi Fak\u00fcltesi \u00f6\u011fretim elemanlar\u0131 taraf\u0131ndan k\u00f6y halk\u0131na &#8220;A\u011f\u0131z, Di\u015f Sa\u011fl\u0131\u011f\u0131 ve Hastal\u0131klar\u0131&#8221; hakk\u0131nda bilgilendirme yap\u0131ld\u0131. Etkinli\u011fe U\u015fak \u00dcniversitesi Rekt\u00f6r\u00fc Prof. Dr. Ekrem Sava\u015f, \u0130l Tar\u0131m ve Orman M\u00fcd\u00fcr\u00fc Serkan Bilir, Karaboyal\u0131k K\u00f6y\u00fc Muhtar\u0131 \u00d6nder Kaya, akademisyenler ve k\u00f6y halk\u0131 kat\u0131ld\u0131.<br \/>\n<br \/>Moderat\u00f6rl\u00fc\u011f\u00fcn\u00fc U\u015fak \u00dcniversitesi Di\u015f Hekimli\u011fi Fak\u00fcltesi Dekan\u0131 Prof. Dr. Mehmet Ali G\u00fcng\u00f6r\u2019\u00fcn \u00fcstlendi\u011fi programda, Dr. \u00d6\u011fr. \u00dcyesi Nehir Gencer &#8220;A\u011f\u0131z ve Di\u015f Hastal\u0131klar\u0131&#8221; konulu bir sunum ger\u00e7ekle\u015ftirdi. Gencer, a\u011f\u0131z ve di\u015f bak\u0131m\u0131n\u0131n g\u00fcnl\u00fck ya\u015fam sa\u011fl\u0131\u011f\u0131 a\u00e7\u0131s\u0131ndan \u00f6nemine dikkat \u00e7ekti.<br \/>\n<br \/>Uzman Dr. \u0130smail Ongun ise &#8220;A\u011f\u0131z Kanserleri, Di\u015f ve A\u011f\u0131z Bak\u0131m\u0131&#8221; ba\u015fl\u0131kl\u0131 sunumunda, erken tan\u0131, koruyucu hekimlik ve basit hijyen uygulamalar\u0131 konusunda k\u00f6y halk\u0131na pratik bilgiler aktard\u0131.<\/p>\n<p>\u00dcniversite-k\u00f6y bulu\u015fmalar\u0131n\u0131n amac\u0131n\u0131 vurgulayan U\u015fak \u00dcniversitesi Rekt\u00f6r\u00fc Prof. Dr. Ekrem Sava\u015f; &#8220;U\u015fak \u00dcniversitesi olarak uzun s\u00fcredir \u00fcniversite-sanayi i\u015f birli\u011fiyle belli bir seviye getirmi\u015f bir \u00fcniversite olarak, yeni bir proje olarak da \u00fcniversite-k\u00f6y bulu\u015fmalar\u0131n\u0131 ba\u015flatt\u0131k. Bu sene 2025 y\u0131l\u0131nda ba\u015flatm\u0131\u015f oldu\u011fumuz proje \u00e7er\u00e7evesinde bug\u00fcne kadar 7\u2019den fazla k\u00f6y\u00fcm\u00fcz\u00fc ziyaret etmi\u015f olduk. Hemen hemen her cuma g\u00fcn\u00fc cuma saatinden sonra k\u00f6yl\u00fclerimizle bir araya geliyoruz. K\u00f6yl\u00fclerimizin, muhtarlar\u0131m\u0131z\u0131n daha do\u011frusu isteklere do\u011frusunda hayvanc\u0131l\u0131k, ar\u0131c\u0131l\u0131k, meyvecilik, halk sa\u011fl\u0131\u011f\u0131 veyahut da di\u015f bak\u0131m\u0131 \u00fczerindeki bir\u00e7ok alanlarda, \u00f6\u011fretim elemanlar\u0131m\u0131z\u0131n yapm\u0131\u015f oldu\u011fu \u00e7al\u0131\u015fmalar\u0131 halk\u0131m\u0131z anlat\u0131yor ve onlardan gelen sorular\u0131 cevapland\u0131r\u0131yoruz.&#8221; dedi.<\/p>\n<p>\u0130klim de\u011fi\u015fikli\u011fi ve su k\u0131tl\u0131\u011f\u0131n\u0131n tar\u0131m k\u00f6ylerini olumsuz etkiledi\u011fini vurgulayan Rekt\u00f6r Sava\u015f; &#8220;\u0130klim de\u011fi\u015fikli\u011fi ba\u015fta olmak \u00fczere su, \u00f6zellikle tar\u0131m k\u00f6ylerimizin en b\u00fcy\u00fck problemlerden bir tanesi. \u0130klimlerin de\u011fi\u015fmesi, mevsimlerin de\u011fi\u015fmesi, ya\u011fmurlar\u0131n az yazmas\u0131, su problemli olmas\u0131. Bu konuda Ziraat Fak\u00fcltesi\u2019nin arkada\u015flar\u0131m\u0131zla k\u00f6ylerimize gidiyoruz. Suyun nas\u0131l kullan\u0131lmas\u0131 gerekti\u011fini, ayn\u0131 zamanda hangi bitkilerin susuz yeti\u015fecek bitkiler hakk\u0131nda, \u00f6zellikle hayvan beslemede su gerektirmeyen bitkiler \u00fczerinde nas\u0131l bitkiler yeti\u015ftirmeye gerekti\u011fi konusunda bilgilendirmeler yap\u0131yoruz. Bu konuda da hem k\u00f6ylerimizin ciddi anlamda bug\u00fcne kadar duymam\u0131\u015f olduklar\u0131 baz\u0131 bitkileri \u00f6\u011frenmi\u015f olurlar, vitamin de\u011fer \u00e7ok y\u00fcksek olan. Ayn\u0131 zamanda da bunlar\u0131n uygulamalar i\u00e7inde neler yapmas\u0131 gerekti\u011fini konusunda rehberlik ediyoruz.&#8221; dedi.<\/p>\n<p>K\u00f6y ziyaretlerinin sadece sa\u011fl\u0131k de\u011fil, tar\u0131m ve \u00fcretim politikalar\u0131 a\u00e7\u0131s\u0131ndan da \u00f6nem ta\u015f\u0131d\u0131\u011f\u0131n\u0131 vurgulayan U\u015fak \u00dcniversitesi Ziraat Fak\u00fcltesi Dekan Yard\u0131mc\u0131s\u0131 Kerem Merto\u011flu; &#8220;Bug\u00fcne kadar 7 k\u00f6y ziyaret edildi. Bu k\u00f6yl\u00fclerin ziyaret kapsamlar\u0131 k\u00f6yl\u00fclerin \u00fcretim e\u011filimleri noktas\u0131nda tespit edildi. Her k\u00f6ye uygun bir ekip olu\u015fturularak onlar\u0131n ihtiya\u00e7lar\u0131n\u0131 giderme noktas\u0131nda bir politika belirlendi. \u00c7ift\u00e7ilerimizden \u00f6zellikle k\u00fcresel iklim de\u011fi\u015fikli\u011fiyle beraber susuz tar\u0131ma y\u00f6nelik s\u00fcrd\u00fcr\u00fclebilir ve kazan\u00e7l\u0131 \u00fcretim nas\u0131l yap\u0131labilir noktas\u0131nda a\u011f\u0131rl\u0131kl\u0131 olarak sorular geldi. Ayr\u0131ca \u00e7ift\u00e7ilerimiz yine bizim sahip oldu\u011fumuz \u00fcretim alanlar\u0131na gelerek o konu\u015fma \u00e7er\u00e7evesinde ger\u00e7ekle\u015ftirilmi\u015f olan \u00f6rneklemelere dair sunular\u0131 birebir izleme f\u0131rsat\u0131 buldular.&#8221; dedi.<br \/>\n<br \/>Di\u015f sa\u011fl\u0131\u011f\u0131 e\u011fitiminin toplum \u00fczerindeki etkisine de\u011finen U\u015fak \u00dcniversitesi Di\u015f Hekimli\u011fi Fak\u00fcltesi Dr. \u00d6\u011fr. \u00dcyesi Ay\u015feg\u00fcl T\u00fcrkmeno\u011flu; &#8220;Burada ya\u015fayan k\u00f6y halk\u0131na do\u011fru di\u015f f\u0131r\u00e7alama e\u011fitimine, f\u0131r\u00e7a s\u0131kl\u0131\u011f\u0131n\u0131 ne kadar s\u0131kl\u0131kla de\u011fi\u015ftirmesi gerekti\u011fini ve belli aral\u0131klarla di\u015f hekimine gidilmesi bilgilendirme yapt\u0131rd\u0131\u011f\u0131m\u0131z i\u00e7in, halk\u0131m\u0131z\u0131 bu konuda en az\u0131ndan eski bilgileri \u00fczerine daha do\u011fru g\u00fcncel bilgileri katm\u0131\u015f olmakta. \u00dcniversite-k\u00f6y bulu\u015fmalar\u0131n\u0131 art\u0131rarak gerekli k\u00f6y halk\u0131n\u0131n bilin\u00e7lendirilmesi sa\u011flanmas\u0131 bence topluma katk\u0131 sa\u011flayacak uygulama olaca\u011f\u0131n\u0131 d\u00fc\u015f\u00fcyorum.&#8221; dedi.<\/p>\n<p>Etkinli\u011fe kat\u0131lan U\u015fak \u00dcniversitesi Di\u015f Hekimli\u011fi Fak\u00fcltesi 5. s\u0131n\u0131f \u00f6\u011frencisi S\u0131la K\u00fc\u00e7\u00fck, hem \u00f6\u011frenciler hem de k\u00f6yl\u00fcler i\u00e7in bulu\u015fman\u0131n verimli ge\u00e7ti\u011fini vurgulayarak; &#8220;Biz U\u015fak \u00dcniversitesi Di\u015f Fak\u00fcltesi olarak, buradayd\u0131k. Bizim i\u00e7in \u00e7ok g\u00fczel ve faydal\u0131 bir etkinlik oldu. Umuyorum ki hastalar i\u00e7inde \u00f6yle olmu\u015ftur diye tahmin ediyorum. Bir \u00e7ok hastaya bakt\u0131k, muayene ettik onlar\u0131n \u015fikayetlerini dinledik. Onlar\u0131 bilin\u00e7lendirmeye \u00e7al\u0131\u015ft\u0131k. Gerek baz\u0131 a\u011f\u0131z hastal\u0131klar\u0131 hakk\u0131nda, gerek kendileri i\u00e7in y\u00f6nlendirmi\u015f bulunmaktay\u0131z. Ben b\u00f6yle bir etkinlikte bulundu\u011fum i\u00e7in \u00e7ok mutluyum. B\u00f6yle etkinliklerin artmas\u0131 gerekti\u011fini d\u00fc\u015f\u00fcyorum.&#8221; dedi.<br \/>\n<br \/>K\u00f6ydeki bilgilendirme faaliyetlerinin tar\u0131m verimlili\u011fine katk\u0131 sa\u011flad\u0131\u011f\u0131n\u0131 belirten Karaboyal\u0131k K\u00f6y\u00fc Muhtar\u0131 \u00d6nder Kaya, ise; &#8220;Tar\u0131m, daha bilmedi\u011fimiz konularda geldiler. Burada bizi bilgilendirdiler. Yanl\u0131\u015f yapt\u0131\u011f\u0131m\u0131z \u015feyleri, \u015fu an do\u011frusunu yap\u0131yoruz art\u0131k. Verimlerimizi g\u00fczel ald\u0131k. Yani bilmedi\u011fimiz konularda bilgilendirildik. \u00c7ok iyi oldu \u00e7\u00fcnk\u00fc k\u00f6y\u00fcm\u00fcz ya\u015fl\u0131 kesim oldu\u011fu i\u00e7in \u015fehire ula\u015f\u0131ma gidilmiyordu. Burada aya\u011f\u0131m\u0131za geldi\u011fi \u00e7ok iyi oldu.&#8221; dedi.<br \/>\n<br \/>Etkinli\u011fin sonunda konu\u015fmac\u0131 akademisyenlere ve k\u00f6y muhtar\u0131 \u00d6nder Kaya\u2019ya katk\u0131lar\u0131ndan dolay\u0131 te\u015fekk\u00fcr plaketi verildi.<br \/><\/p>\n","protected":false},"excerpt":{"rendered":"<p>U\u015fak \u00dcniversitesi, &#8220;\u00dcniversite-K\u00f6y Bulu\u015fmalar\u0131&#8221; kapsam\u0131nda bu hafta Sivasl\u0131 il\u00e7esine ba\u011fl\u0131 Karaboyal\u0131k K\u00f6y\u00fc\u2019nde a\u011f\u0131z ve di\u015f sa\u011fl\u0131\u011f\u0131 fark\u0131ndal\u0131\u011f\u0131 olu\u015fturmak amac\u0131yla bir etkinlik d\u00fczenledi. U\u015fak \u00dcniversitesi Di\u015f Hekimli\u011fi Fak\u00fcltesi \u00f6\u011fretim elemanlar\u0131 taraf\u0131ndan k\u00f6y halk\u0131na &#8220;A\u011f\u0131z, Di\u015f Sa\u011fl\u0131\u011f\u0131 ve Hastal\u0131klar\u0131&#8221; hakk\u0131nda bilgilendirme yap\u0131ld\u0131. Etkinli\u011fe U\u015fak \u00dcniversitesi Rekt\u00f6r\u00fc Prof. Dr. Ekrem Sava\u015f, \u0130l Tar\u0131m ve Orman M\u00fcd\u00fcr\u00fc Serkan Bilir,&#8230;<\/p>\n","protected":false},"author":1,"featured_media":64018,"comment_status":"open","ping_status":"open","sticky":false,"template":"","format":"standard","meta":{"_crdt_document":"","footnotes":""},"categories":[1],"tags":[],"class_list":["post-64017","post","type-post","status-publish","format-standard","has-post-thumbnail","hentry","category-guncel"],"_links":{"self":[{"href":"https:\/\/www.egemtv.com\/index.php?rest_route=\/wp\/v2\/posts\/64017","targetHints":{"allow":["GET"]}}],"collection":[{"href":"https:\/\/www.egemtv.com\/index.php?rest_route=\/wp\/v2\/posts"}],"about":[{"href":"https:\/\/www.egemtv.com\/index.php?rest_route=\/wp\/v2\/types\/post"}],"author":[{"embeddable":true,"href":"https:\/\/www.egemtv.com\/index.php?rest_route=\/wp\/v2\/users\/1"}],"replies":[{"embeddable":true,"href":"https:\/\/www.egemtv.com\/index.php?rest_route=%2Fwp%2Fv2%2Fcomments&post=64017"}],"version-history":[{"count":1,"href":"https:\/\/www.egemtv.com\/index.php?rest_route=\/wp\/v2\/posts\/64017\/revisions"}],"predecessor-version":[{"id":64019,"href":"https:\/\/www.egemtv.com\/index.php?rest_route=\/wp\/v2\/posts\/64017\/revisions\/64019"}],"wp:featuredmedia":[{"embeddable":true,"href":"https:\/\/www.egemtv.com\/index.php?rest_route=\/wp\/v2\/media\/64018"}],"wp:attachment":[{"href":"https:\/\/www.egemtv.com\/index.php?rest_route=%2Fwp%2Fv2%2Fmedia&parent=64017"}],"wp:term":[{"taxonomy":"category","embeddable":true,"href":"https:\/\/www.egemtv.com\/index.php?rest_route=%2Fwp%2Fv2%2Fcategories&post=64017"},{"taxonomy":"post_tag","embeddable":true,"href":"https:\/\/www.egemtv.com\/index.php?rest_route=%2Fwp%2Fv2%2Ftags&post=64017"}],"curies":[{"name":"wp","href":"https:\/\/api.w.org\/{rel}","templated":true}]}}