{"id":64014,"date":"2025-10-27T09:54:59","date_gmt":"2025-10-27T06:54:59","guid":{"rendered":"https:\/\/www.egemtv.com\/?p=64014"},"modified":"2025-10-27T09:55:07","modified_gmt":"2025-10-27T06:55:07","slug":"muglada-gencler-festivalde-bulustu","status":"publish","type":"post","link":"https:\/\/www.egemtv.com\/?p=64014","title":{"rendered":"Mu\u011fla\u2019da gen\u00e7ler festivalde bulu\u015ftu"},"content":{"rendered":"<p>Mu\u011fla Gen\u00e7lik ve Spor \u0130l\u00e7e M\u00fcd\u00fcrl\u00fc\u011f\u00fc b\u00fcnyesinde faaliyet g\u00f6steren Uluslararas\u0131 Gen\u00e7lik Merkezi ve K\u00f6tekli Gen\u00e7lik Merkezi\u2019nin g\u00f6n\u00fcll\u00fc gen\u00e7leri Gen\u00e7lik Festivali\u2019nde bir araya geldi. Festival, k\u00fclt\u00fcr, sanat ve spor dolu etkinliklerle gen\u00e7lere unutulmaz anlar ya\u015fatt\u0131.<\/p>\n<p>Festival kapsam\u0131nda g\u00f6n\u00fcll\u00fc gen\u00e7ler, g\u00fcn boyunca s\u00fcren at\u00f6lyeler, spor turnuvalar\u0131, sahne g\u00f6sterileri ve \u00e7e\u015fitli k\u00fclt\u00fcrel etkinliklere yo\u011fun ilgi g\u00f6sterdi. Kat\u0131l\u0131mc\u0131lar, etkinlikler arac\u0131l\u0131\u011f\u0131yla hem e\u011flenme hem de birlikte \u00fcretmenin ve payla\u015fman\u0131n mutlulu\u011funu ya\u015fad\u0131. Gen\u00e7lerin aktif kat\u0131l\u0131m\u0131yla ger\u00e7ekle\u015fen festivalde, \u00f6zellikle dayan\u0131\u015fma, payla\u015f\u0131m ve g\u00f6n\u00fcll\u00fcl\u00fck ruhu \u00f6n plana \u00e7\u0131kt\u0131.<\/p>\n<p>Mente\u015fe Gen\u00e7lik ve Spor \u0130l\u00e7e M\u00fcd\u00fcrl\u00fc\u011f\u00fc\u2019n\u00fcn destekledi\u011fi organizasyonda, konserden sportif yar\u0131\u015fmalara, k\u00fclt\u00fcrel ve sanatsal at\u00f6lyelerden sahne g\u00f6sterilerine kadar geni\u015f bir yelpazede etkinlikler d\u00fczenlendi. Gen\u00e7ler, g\u00fcn boyu s\u00fcren bu etkinliklerde enerjilerini ve yeteneklerini sergileme f\u0131rsat\u0131 buldu.<\/p>\n<p>Etkinlik sonunda gen\u00e7ler, farkl\u0131 alanlarda kendilerini ifade etme f\u0131rsat\u0131 yakalad\u0131klar\u0131n\u0131 dile getirerek organizasyonda eme\u011fi ge\u00e7en herkese te\u015fekk\u00fcrlerini iletti.<br \/><\/p>\n","protected":false},"excerpt":{"rendered":"<p>Mu\u011fla Gen\u00e7lik ve Spor \u0130l\u00e7e M\u00fcd\u00fcrl\u00fc\u011f\u00fc b\u00fcnyesinde faaliyet g\u00f6steren Uluslararas\u0131 Gen\u00e7lik Merkezi ve K\u00f6tekli Gen\u00e7lik Merkezi\u2019nin g\u00f6n\u00fcll\u00fc gen\u00e7leri Gen\u00e7lik Festivali\u2019nde bir araya geldi. Festival, k\u00fclt\u00fcr, sanat ve spor dolu etkinliklerle gen\u00e7lere unutulmaz anlar ya\u015fatt\u0131. Festival kapsam\u0131nda g\u00f6n\u00fcll\u00fc gen\u00e7ler, g\u00fcn boyunca s\u00fcren at\u00f6lyeler, spor turnuvalar\u0131, sahne g\u00f6sterileri ve \u00e7e\u015fitli k\u00fclt\u00fcrel etkinliklere yo\u011fun ilgi g\u00f6sterdi. Kat\u0131l\u0131mc\u0131lar, etkinlikler&#8230;<\/p>\n","protected":false},"author":1,"featured_media":64015,"comment_status":"open","ping_status":"open","sticky":false,"template":"","format":"standard","meta":{"_crdt_document":"","footnotes":""},"categories":[1],"tags":[],"class_list":["post-64014","post","type-post","status-publish","format-standard","has-post-thumbnail","hentry","category-guncel"],"_links":{"self":[{"href":"https:\/\/www.egemtv.com\/index.php?rest_route=\/wp\/v2\/posts\/64014","targetHints":{"allow":["GET"]}}],"collection":[{"href":"https:\/\/www.egemtv.com\/index.php?rest_route=\/wp\/v2\/posts"}],"about":[{"href":"https:\/\/www.egemtv.com\/index.php?rest_route=\/wp\/v2\/types\/post"}],"author":[{"embeddable":true,"href":"https:\/\/www.egemtv.com\/index.php?rest_route=\/wp\/v2\/users\/1"}],"replies":[{"embeddable":true,"href":"https:\/\/www.egemtv.com\/index.php?rest_route=%2Fwp%2Fv2%2Fcomments&post=64014"}],"version-history":[{"count":1,"href":"https:\/\/www.egemtv.com\/index.php?rest_route=\/wp\/v2\/posts\/64014\/revisions"}],"predecessor-version":[{"id":64016,"href":"https:\/\/www.egemtv.com\/index.php?rest_route=\/wp\/v2\/posts\/64014\/revisions\/64016"}],"wp:featuredmedia":[{"embeddable":true,"href":"https:\/\/www.egemtv.com\/index.php?rest_route=\/wp\/v2\/media\/64015"}],"wp:attachment":[{"href":"https:\/\/www.egemtv.com\/index.php?rest_route=%2Fwp%2Fv2%2Fmedia&parent=64014"}],"wp:term":[{"taxonomy":"category","embeddable":true,"href":"https:\/\/www.egemtv.com\/index.php?rest_route=%2Fwp%2Fv2%2Fcategories&post=64014"},{"taxonomy":"post_tag","embeddable":true,"href":"https:\/\/www.egemtv.com\/index.php?rest_route=%2Fwp%2Fv2%2Ftags&post=64014"}],"curies":[{"name":"wp","href":"https:\/\/api.w.org\/{rel}","templated":true}]}}