{"id":64008,"date":"2025-10-27T09:35:40","date_gmt":"2025-10-27T06:35:40","guid":{"rendered":"https:\/\/www.egemtv.com\/?p=64008"},"modified":"2025-10-27T09:35:42","modified_gmt":"2025-10-27T06:35:42","slug":"minikler-satrancta-hunerlerini-sergiledi","status":"publish","type":"post","link":"https:\/\/www.egemtv.com\/?p=64008","title":{"rendered":"Minikler satran\u00e7ta h\u00fcnerlerini sergiledi"},"content":{"rendered":"<p>Cumhuriyet\u2019in 102. y\u0131l\u0131 etkinlikleri kapsam\u0131nda Ayd\u0131n\u2019da d\u00fczenlenen satran\u00e7 turnuvas\u0131nda minik sporcular, hem zekalar\u0131n\u0131 konu\u015fturdu, hem de bayram co\u015fkusunu ya\u015fad\u0131.<\/p>\n<p>Ayd\u0131n Gen\u00e7lik ve Spor \u0130l M\u00fcd\u00fcrl\u00fc\u011f\u00fc taraf\u0131ndan 29 Ekim Cumhuriyet Bayram\u0131 etkinlikleri kapsam\u0131nda satran\u00e7 turnuvas\u0131 d\u00fczenlendi. Turnuvaya farkl\u0131 ya\u015f kategorilerinden bir\u00e7ok sporcu kat\u0131ld\u0131. Minik satran\u00e7 ustalar\u0131, k\u0131yas\u0131ya m\u00fccadele ederken ayn\u0131 zamanda cumhuriyet co\u015fkusunu ya\u015fad\u0131. Etkinlikte, \u00e7ocuklar\u0131n stratejik d\u00fc\u015f\u00fcnme ve sab\u0131r gibi becerilerini geli\u015ftirmeleri ama\u00e7lan\u0131rken, turnuva sonunda dereceye giren sporculara madalya ve \u00f6d\u00fclleri takdim edildi. Ayd\u0131n Gen\u00e7lik ve Spor \u0130l M\u00fcd\u00fcrl\u00fc\u011f\u00fc, Cumhuriyet Bayram\u0131\u2019n\u0131n anlam ve \u00f6nemine vurgu yaparak sporun birle\u015ftirici g\u00fcc\u00fcne dikkat \u00e7ekti.<br \/><\/p>\n","protected":false},"excerpt":{"rendered":"<p>Cumhuriyet\u2019in 102. y\u0131l\u0131 etkinlikleri kapsam\u0131nda Ayd\u0131n\u2019da d\u00fczenlenen satran\u00e7 turnuvas\u0131nda minik sporcular, hem zekalar\u0131n\u0131 konu\u015fturdu, hem de bayram co\u015fkusunu ya\u015fad\u0131. Ayd\u0131n Gen\u00e7lik ve Spor \u0130l M\u00fcd\u00fcrl\u00fc\u011f\u00fc taraf\u0131ndan 29 Ekim Cumhuriyet Bayram\u0131 etkinlikleri kapsam\u0131nda satran\u00e7 turnuvas\u0131 d\u00fczenlendi. Turnuvaya farkl\u0131 ya\u015f kategorilerinden bir\u00e7ok sporcu kat\u0131ld\u0131. Minik satran\u00e7 ustalar\u0131, k\u0131yas\u0131ya m\u00fccadele ederken ayn\u0131 zamanda cumhuriyet co\u015fkusunu ya\u015fad\u0131. Etkinlikte, \u00e7ocuklar\u0131n&#8230;<\/p>\n","protected":false},"author":1,"featured_media":64009,"comment_status":"open","ping_status":"open","sticky":false,"template":"","format":"standard","meta":{"_crdt_document":"","footnotes":""},"categories":[4],"tags":[],"class_list":["post-64008","post","type-post","status-publish","format-standard","has-post-thumbnail","hentry","category-spor"],"_links":{"self":[{"href":"https:\/\/www.egemtv.com\/index.php?rest_route=\/wp\/v2\/posts\/64008","targetHints":{"allow":["GET"]}}],"collection":[{"href":"https:\/\/www.egemtv.com\/index.php?rest_route=\/wp\/v2\/posts"}],"about":[{"href":"https:\/\/www.egemtv.com\/index.php?rest_route=\/wp\/v2\/types\/post"}],"author":[{"embeddable":true,"href":"https:\/\/www.egemtv.com\/index.php?rest_route=\/wp\/v2\/users\/1"}],"replies":[{"embeddable":true,"href":"https:\/\/www.egemtv.com\/index.php?rest_route=%2Fwp%2Fv2%2Fcomments&post=64008"}],"version-history":[{"count":1,"href":"https:\/\/www.egemtv.com\/index.php?rest_route=\/wp\/v2\/posts\/64008\/revisions"}],"predecessor-version":[{"id":64010,"href":"https:\/\/www.egemtv.com\/index.php?rest_route=\/wp\/v2\/posts\/64008\/revisions\/64010"}],"wp:featuredmedia":[{"embeddable":true,"href":"https:\/\/www.egemtv.com\/index.php?rest_route=\/wp\/v2\/media\/64009"}],"wp:attachment":[{"href":"https:\/\/www.egemtv.com\/index.php?rest_route=%2Fwp%2Fv2%2Fmedia&parent=64008"}],"wp:term":[{"taxonomy":"category","embeddable":true,"href":"https:\/\/www.egemtv.com\/index.php?rest_route=%2Fwp%2Fv2%2Fcategories&post=64008"},{"taxonomy":"post_tag","embeddable":true,"href":"https:\/\/www.egemtv.com\/index.php?rest_route=%2Fwp%2Fv2%2Ftags&post=64008"}],"curies":[{"name":"wp","href":"https:\/\/api.w.org\/{rel}","templated":true}]}}