{"id":64005,"date":"2025-10-27T09:14:56","date_gmt":"2025-10-27T06:14:56","guid":{"rendered":"https:\/\/www.egemtv.com\/?p=64005"},"modified":"2025-10-27T09:15:11","modified_gmt":"2025-10-27T06:15:11","slug":"adude-2025-mezunlari-bulustu","status":"publish","type":"post","link":"https:\/\/www.egemtv.com\/?p=64005","title":{"rendered":"AD\u00dc\u2019de 2025 mezunlar\u0131 bulu\u015ftu"},"content":{"rendered":"<p>Adnan Menderes \u00dcniversitesi \u0130nsan Kaynaklar\u0131, Kariyer ve Mezunlarla \u0130li\u015fkiler Koordinat\u00f6rl\u00fc\u011f\u00fc (\u0130KAK) taraf\u0131ndan d\u00fczenlenen &#8220;2025 Mezunlar Bulu\u015fmas\u0131&#8221; etkinli\u011fi, Rekt\u00f6rl\u00fck Bah\u00e7esi\u2019nde ger\u00e7ekle\u015ftirildi.<\/p>\n<p>Programa, AD\u00dc Rekt\u00f6r\u00fc Prof. Dr. B\u00fclent Kent, Rekt\u00f6r Yard\u0131mc\u0131lar\u0131 Prof. Dr. Erkan Salan ve Prof. Dr. Cengiz \u00d6zarslan, Genel Sekreter V. Prof. Dr. Bertan Akyol, akademik ve idari personel ile \u00e7ok say\u0131da mezun kat\u0131ld\u0131.<br \/>\n<br \/>Sayg\u0131 duru\u015fu ve \u0130stiklal Mar\u015f\u0131\u2019n\u0131n ard\u0131ndan a\u00e7\u0131\u015f konu\u015fmas\u0131n\u0131 \u0130KAK Koordinat\u00f6r\u00fc \u00d6\u011fr. G\u00f6r. Ali Bekta\u015f \u00c7ift\u00e7i ger\u00e7ekle\u015ftirdi. Etkinlikte konu\u015fan Rekt\u00f6r Prof. Dr. B\u00fclent Kent, mezunlar\u0131n Ayd\u0131n Adnan Menderes \u00dcniversitesinin en de\u011ferli miraslar\u0131ndan biri oldu\u011funu vurgulayarak, &#8220;Sizler, \u00dcniversitemizin tarihine silinmez izler b\u0131rakt\u0131n\u0131z. Bug\u00fcn bilimde, sanatta, i\u015f d\u00fcnyas\u0131nda ve toplumsal hayatta ba\u015far\u0131lar\u0131yla g\u00f6\u011fs\u00fcm\u00fcz\u00fc kabartan mezunlar\u0131m\u0131z olarak bu kurumun ya\u015fayan miras\u0131s\u0131n\u0131z. Ayd\u0131n Adnan Menderes \u00dcniversitesi yaln\u0131zca binalardan ibaret de\u011fil; sizin eme\u011finiz, bilginiz ve hik\u00e2yenizle anlam kazanan bir ruha sahip. Elbette bug\u00fcn aram\u0131zda olamayan mezunlar\u0131m\u0131z\u0131, hocalar\u0131m\u0131z\u0131 ve \u00fcniversitemize emek vermi\u015f t\u00fcm k\u0131ymetli insanlar\u0131 da rahmet ve minnetle an\u0131yoruz&#8221; ifadelerini kulland\u0131.<br \/>\n<br \/>Rekt\u00f6r Kent, mezunlar\u0131n ba\u015far\u0131 hikayeleriyle \u00fcniversiteye katk\u0131 sundu\u011funu belirterek, bu bulu\u015fmalar\u0131n aidiyet duygusunu g\u00fc\u00e7lendirdi\u011fini dile getirdi. &#8220;Sizler bu yuvan\u0131n en g\u00fczel hikayelerisiniz. Deneyimlerinizi gen\u00e7lerimizle payla\u015f\u0131n, onlara mentorluk edin, ilham olun. Bir \u00fcniversitenin g\u00fcc\u00fc, mezunlar\u0131n\u0131n hayatlara dokunan tecr\u00fcbeleriyle b\u00fcy\u00fcr. Bu anlaml\u0131 bulu\u015fmay\u0131 hayata ge\u00e7iren t\u00fcm arkada\u015flar\u0131ma te\u015fekk\u00fcr ediyorum&#8221; dedi.<br \/>\n<br \/>Etkinlikte, \u00dcniversite Rekt\u00f6r\u00fc Prof. Dr. B\u00fclent Kent taraf\u0131ndan 1999 y\u0131l\u0131 mezunu Ay\u015feg\u00fcl Uluda\u011f\u2019a plaket ve \u00e7i\u00e7ek takdim edildi.<br \/>\n<br \/>Program kapsam\u0131nda mezunlar, \u00f6\u011frencilik y\u0131llar\u0131na ait hat\u0131ralar\u0131n\u0131 payla\u015ft\u0131; konserler, kura \u00e7ekimiyle hediye da\u011f\u0131t\u0131m\u0131, fidan dikimi ve \u00e7e\u015fitli ikramlarla keyifli anlar ya\u015fand\u0131. Kat\u0131l\u0131mc\u0131lar, \u00fcniversitenin geli\u015fim s\u00fcrecine tan\u0131kl\u0131k etmekten duyduklar\u0131 memnuniyeti dile getirerek, etkinli\u011fin geleneksel hale gelmesi temennisinde bulundu.<br \/>\n<br \/>Etkinlik, toplu foto\u011fraf \u00e7ekimiyle sona erdi.<br \/><\/p>\n","protected":false},"excerpt":{"rendered":"<p>Adnan Menderes \u00dcniversitesi \u0130nsan Kaynaklar\u0131, Kariyer ve Mezunlarla \u0130li\u015fkiler Koordinat\u00f6rl\u00fc\u011f\u00fc (\u0130KAK) taraf\u0131ndan d\u00fczenlenen &#8220;2025 Mezunlar Bulu\u015fmas\u0131&#8221; etkinli\u011fi, Rekt\u00f6rl\u00fck Bah\u00e7esi\u2019nde ger\u00e7ekle\u015ftirildi. Programa, AD\u00dc Rekt\u00f6r\u00fc Prof. Dr. B\u00fclent Kent, Rekt\u00f6r Yard\u0131mc\u0131lar\u0131 Prof. Dr. Erkan Salan ve Prof. Dr. Cengiz \u00d6zarslan, Genel Sekreter V. Prof. Dr. Bertan Akyol, akademik ve idari personel ile \u00e7ok say\u0131da mezun kat\u0131ld\u0131. Sayg\u0131&#8230;<\/p>\n","protected":false},"author":1,"featured_media":64006,"comment_status":"open","ping_status":"open","sticky":false,"template":"","format":"standard","meta":{"_crdt_document":"","footnotes":""},"categories":[1],"tags":[],"class_list":["post-64005","post","type-post","status-publish","format-standard","has-post-thumbnail","hentry","category-guncel"],"_links":{"self":[{"href":"https:\/\/www.egemtv.com\/index.php?rest_route=\/wp\/v2\/posts\/64005","targetHints":{"allow":["GET"]}}],"collection":[{"href":"https:\/\/www.egemtv.com\/index.php?rest_route=\/wp\/v2\/posts"}],"about":[{"href":"https:\/\/www.egemtv.com\/index.php?rest_route=\/wp\/v2\/types\/post"}],"author":[{"embeddable":true,"href":"https:\/\/www.egemtv.com\/index.php?rest_route=\/wp\/v2\/users\/1"}],"replies":[{"embeddable":true,"href":"https:\/\/www.egemtv.com\/index.php?rest_route=%2Fwp%2Fv2%2Fcomments&post=64005"}],"version-history":[{"count":1,"href":"https:\/\/www.egemtv.com\/index.php?rest_route=\/wp\/v2\/posts\/64005\/revisions"}],"predecessor-version":[{"id":64007,"href":"https:\/\/www.egemtv.com\/index.php?rest_route=\/wp\/v2\/posts\/64005\/revisions\/64007"}],"wp:featuredmedia":[{"embeddable":true,"href":"https:\/\/www.egemtv.com\/index.php?rest_route=\/wp\/v2\/media\/64006"}],"wp:attachment":[{"href":"https:\/\/www.egemtv.com\/index.php?rest_route=%2Fwp%2Fv2%2Fmedia&parent=64005"}],"wp:term":[{"taxonomy":"category","embeddable":true,"href":"https:\/\/www.egemtv.com\/index.php?rest_route=%2Fwp%2Fv2%2Fcategories&post=64005"},{"taxonomy":"post_tag","embeddable":true,"href":"https:\/\/www.egemtv.com\/index.php?rest_route=%2Fwp%2Fv2%2Ftags&post=64005"}],"curies":[{"name":"wp","href":"https:\/\/api.w.org\/{rel}","templated":true}]}}