{"id":64002,"date":"2025-10-27T08:55:35","date_gmt":"2025-10-27T05:55:35","guid":{"rendered":"https:\/\/www.egemtv.com\/?p=64002"},"modified":"2025-10-27T08:55:42","modified_gmt":"2025-10-27T05:55:42","slug":"baskan-gencay-altinkumda-vatandaslarla-bulustu","status":"publish","type":"post","link":"https:\/\/www.egemtv.com\/?p=64002","title":{"rendered":"Ba\u015fkan Gen\u00e7ay, Alt\u0131nkum\u2019da vatanda\u015flarla bulu\u015ftu"},"content":{"rendered":"<p>Didim Belediye Ba\u015fkan\u0131 Hatice Gen\u00e7ay, her f\u0131rsatta halkla bir araya gelmeye devam ediyor. Ba\u015fkan Gen\u00e7ay, il\u00e7enin en \u00f6nemli turizm b\u00f6lgelerinden biri olan Alt\u0131nkum\u2019da esnaf ve vatanda\u015f ziyaretlerinde bulundu.<\/p>\n<p>Ziyareti s\u0131ras\u0131nda Ba\u015fkan Hatice Gen\u00e7ay, Alt\u0131nkum esnaf\u0131n\u0131 tek tek dola\u015farak vatanda\u015flarla samimi sohbetler ger\u00e7ekle\u015ftirdi, talep ve \u00f6nerilerini dinledi. B\u00f6lge halk\u0131n\u0131n g\u00f6r\u00fc\u015flerini yerinde dinleyen Ba\u015fkan Gen\u00e7ay, \u00e7\u00f6z\u00fcm \u00f6nerileri ve de\u011ferlendirmelerini payla\u015farak Alt\u0131nkum\u2019un geli\u015fimiyle ilgili fikir al\u0131\u015fveri\u015finde bulundu.<\/p>\n<p>Ziyaretin ard\u0131ndan a\u00e7\u0131klamalarda bulunan Didim Belediye Ba\u015fkan\u0131 Hatice Gen\u00e7ay, halkla i\u00e7 i\u00e7e olman\u0131n \u00f6nemine vurgu yapt\u0131: &#8220;Alt\u0131nkum\u2019da halk\u0131m\u0131zla bir araya geldik, onlar\u0131n talep ve \u00f6nerilerini dinledik. G\u00fcler y\u00fczleriyle bizi kar\u015f\u0131layan herkese y\u00fcrekten te\u015fekk\u00fcr ediyorum. Didim\u2019i birlikte g\u00fczelle\u015ftirmeye, yan yana y\u00fcr\u00fcmeye devam edece\u011fiz&#8221;<\/p>\n<p>Alt\u0131nkum esnaf\u0131 ve vatanda\u015flar ise belediyenin hizmetlerinden duyduklar\u0131 memnuniyeti dile getirerek Ba\u015fkan Hatice Gen\u00e7ay\u2019a te\u015fekk\u00fcr etti.<br \/><\/p>\n","protected":false},"excerpt":{"rendered":"<p>Didim Belediye Ba\u015fkan\u0131 Hatice Gen\u00e7ay, her f\u0131rsatta halkla bir araya gelmeye devam ediyor. Ba\u015fkan Gen\u00e7ay, il\u00e7enin en \u00f6nemli turizm b\u00f6lgelerinden biri olan Alt\u0131nkum\u2019da esnaf ve vatanda\u015f ziyaretlerinde bulundu. Ziyareti s\u0131ras\u0131nda Ba\u015fkan Hatice Gen\u00e7ay, Alt\u0131nkum esnaf\u0131n\u0131 tek tek dola\u015farak vatanda\u015flarla samimi sohbetler ger\u00e7ekle\u015ftirdi, talep ve \u00f6nerilerini dinledi. B\u00f6lge halk\u0131n\u0131n g\u00f6r\u00fc\u015flerini yerinde dinleyen Ba\u015fkan Gen\u00e7ay, \u00e7\u00f6z\u00fcm \u00f6nerileri&#8230;<\/p>\n","protected":false},"author":1,"featured_media":64003,"comment_status":"open","ping_status":"open","sticky":false,"template":"","format":"standard","meta":{"_crdt_document":"","footnotes":""},"categories":[1],"tags":[],"class_list":["post-64002","post","type-post","status-publish","format-standard","has-post-thumbnail","hentry","category-guncel"],"_links":{"self":[{"href":"https:\/\/www.egemtv.com\/index.php?rest_route=\/wp\/v2\/posts\/64002","targetHints":{"allow":["GET"]}}],"collection":[{"href":"https:\/\/www.egemtv.com\/index.php?rest_route=\/wp\/v2\/posts"}],"about":[{"href":"https:\/\/www.egemtv.com\/index.php?rest_route=\/wp\/v2\/types\/post"}],"author":[{"embeddable":true,"href":"https:\/\/www.egemtv.com\/index.php?rest_route=\/wp\/v2\/users\/1"}],"replies":[{"embeddable":true,"href":"https:\/\/www.egemtv.com\/index.php?rest_route=%2Fwp%2Fv2%2Fcomments&post=64002"}],"version-history":[{"count":1,"href":"https:\/\/www.egemtv.com\/index.php?rest_route=\/wp\/v2\/posts\/64002\/revisions"}],"predecessor-version":[{"id":64004,"href":"https:\/\/www.egemtv.com\/index.php?rest_route=\/wp\/v2\/posts\/64002\/revisions\/64004"}],"wp:featuredmedia":[{"embeddable":true,"href":"https:\/\/www.egemtv.com\/index.php?rest_route=\/wp\/v2\/media\/64003"}],"wp:attachment":[{"href":"https:\/\/www.egemtv.com\/index.php?rest_route=%2Fwp%2Fv2%2Fmedia&parent=64002"}],"wp:term":[{"taxonomy":"category","embeddable":true,"href":"https:\/\/www.egemtv.com\/index.php?rest_route=%2Fwp%2Fv2%2Fcategories&post=64002"},{"taxonomy":"post_tag","embeddable":true,"href":"https:\/\/www.egemtv.com\/index.php?rest_route=%2Fwp%2Fv2%2Ftags&post=64002"}],"curies":[{"name":"wp","href":"https:\/\/api.w.org\/{rel}","templated":true}]}}