{"id":63999,"date":"2025-10-27T08:55:18","date_gmt":"2025-10-27T05:55:18","guid":{"rendered":"https:\/\/www.egemtv.com\/?p=63999"},"modified":"2025-10-27T08:55:27","modified_gmt":"2025-10-27T05:55:27","slug":"koskteki-saman-pazari-suruculere-zor-anlar-yasatiyor","status":"publish","type":"post","link":"https:\/\/www.egemtv.com\/?p=63999","title":{"rendered":"K\u00f6\u015fk\u2019teki saman pazar\u0131 s\u00fcr\u00fcc\u00fclere zor anlar ya\u015fat\u0131yor"},"content":{"rendered":"<p>R\u00fczgarl\u0131 havalarda yola savrulan samanlar s\u00fcr\u00fcc\u00fclere zor anlar ya\u015fat\u0131yor. Vatanda\u015flar, K\u00f6\u015fk Baklak\u00f6y giri\u015findeki saman pazar\u0131n\u0131n karayolundan uzak, daha g\u00fcvenli bir alana ta\u015f\u0131nmas\u0131n\u0131 talep etti.<\/p>\n<p>Ayd\u0131n\u2019\u0131n K\u00f6\u015fk il\u00e7esi Baklak\u00f6y Mahallesi giri\u015finde yer alan saman pazar\u0131, \u00f6zellikle r\u00fczgarl\u0131 havalarda s\u00fcr\u00fcc\u00fcler i\u00e7in tehlike olu\u015fturuyor. Karayolu kenar\u0131nda a\u00e7\u0131kta b\u0131rak\u0131lan saman balyalar\u0131, r\u00fczgarl\u0131 havalarda yola savrularak g\u00f6r\u00fc\u015f mesafesini d\u00fc\u015f\u00fcr\u00fcyor. Vatanda\u015flar, b\u00f6lgede zaman zaman ya\u015fanan bu durumun s\u00fcr\u00fcc\u00fcler a\u00e7\u0131s\u0131ndan risk ta\u015f\u0131d\u0131\u011f\u0131n\u0131 ifade ediyor. Saman pazar\u0131n\u0131n daha g\u00fcvenli bir b\u00f6lgeye ta\u015f\u0131nmas\u0131n\u0131 isteyen vatanda\u015flar, y\u00fckleme ve indirme i\u015flemlerinin de yol kenar\u0131nda yap\u0131lmas\u0131 nedeniyle trafik ak\u0131\u015f\u0131nda da s\u0131k\u0131nt\u0131lar ya\u015fand\u0131\u011f\u0131n\u0131 dile getirdi. B\u00f6lge sakinleri muhtemel kazalar\u0131n \u00f6n\u00fcne ge\u00e7mek i\u00e7in yetkililerden bir \u00e7\u00f6z\u00fcm bulunmas\u0131n\u0131 istedi.<br \/><\/p>\n","protected":false},"excerpt":{"rendered":"<p>R\u00fczgarl\u0131 havalarda yola savrulan samanlar s\u00fcr\u00fcc\u00fclere zor anlar ya\u015fat\u0131yor. Vatanda\u015flar, K\u00f6\u015fk Baklak\u00f6y giri\u015findeki saman pazar\u0131n\u0131n karayolundan uzak, daha g\u00fcvenli bir alana ta\u015f\u0131nmas\u0131n\u0131 talep etti. Ayd\u0131n\u2019\u0131n K\u00f6\u015fk il\u00e7esi Baklak\u00f6y Mahallesi giri\u015finde yer alan saman pazar\u0131, \u00f6zellikle r\u00fczgarl\u0131 havalarda s\u00fcr\u00fcc\u00fcler i\u00e7in tehlike olu\u015fturuyor. Karayolu kenar\u0131nda a\u00e7\u0131kta b\u0131rak\u0131lan saman balyalar\u0131, r\u00fczgarl\u0131 havalarda yola savrularak g\u00f6r\u00fc\u015f mesafesini d\u00fc\u015f\u00fcr\u00fcyor. Vatanda\u015flar,&#8230;<\/p>\n","protected":false},"author":1,"featured_media":64000,"comment_status":"open","ping_status":"open","sticky":false,"template":"","format":"standard","meta":{"_crdt_document":"","footnotes":""},"categories":[1],"tags":[],"class_list":["post-63999","post","type-post","status-publish","format-standard","has-post-thumbnail","hentry","category-guncel"],"_links":{"self":[{"href":"https:\/\/www.egemtv.com\/index.php?rest_route=\/wp\/v2\/posts\/63999","targetHints":{"allow":["GET"]}}],"collection":[{"href":"https:\/\/www.egemtv.com\/index.php?rest_route=\/wp\/v2\/posts"}],"about":[{"href":"https:\/\/www.egemtv.com\/index.php?rest_route=\/wp\/v2\/types\/post"}],"author":[{"embeddable":true,"href":"https:\/\/www.egemtv.com\/index.php?rest_route=\/wp\/v2\/users\/1"}],"replies":[{"embeddable":true,"href":"https:\/\/www.egemtv.com\/index.php?rest_route=%2Fwp%2Fv2%2Fcomments&post=63999"}],"version-history":[{"count":1,"href":"https:\/\/www.egemtv.com\/index.php?rest_route=\/wp\/v2\/posts\/63999\/revisions"}],"predecessor-version":[{"id":64001,"href":"https:\/\/www.egemtv.com\/index.php?rest_route=\/wp\/v2\/posts\/63999\/revisions\/64001"}],"wp:featuredmedia":[{"embeddable":true,"href":"https:\/\/www.egemtv.com\/index.php?rest_route=\/wp\/v2\/media\/64000"}],"wp:attachment":[{"href":"https:\/\/www.egemtv.com\/index.php?rest_route=%2Fwp%2Fv2%2Fmedia&parent=63999"}],"wp:term":[{"taxonomy":"category","embeddable":true,"href":"https:\/\/www.egemtv.com\/index.php?rest_route=%2Fwp%2Fv2%2Fcategories&post=63999"},{"taxonomy":"post_tag","embeddable":true,"href":"https:\/\/www.egemtv.com\/index.php?rest_route=%2Fwp%2Fv2%2Ftags&post=63999"}],"curies":[{"name":"wp","href":"https:\/\/api.w.org\/{rel}","templated":true}]}}