{"id":63996,"date":"2025-10-27T08:55:00","date_gmt":"2025-10-27T05:55:00","guid":{"rendered":"https:\/\/www.egemtv.com\/?p=63996"},"modified":"2025-10-27T08:55:05","modified_gmt":"2025-10-27T05:55:05","slug":"didimdeki-spor-etkinligi-renkli-anlara-sahne-oldu","status":"publish","type":"post","link":"https:\/\/www.egemtv.com\/?p=63996","title":{"rendered":"Didim\u2019deki spor etkinli\u011fi renkli anlara sahne oldu"},"content":{"rendered":"<p>Didim Belediyesi\u2019nin katk\u0131lar\u0131yla, Uluslararas\u0131 Raket Sporlar\u0131 Derne\u011fi i\u015f birli\u011fiyle 25-26 Ekim tarihlerinde ilk kez d\u00fczenlenen PickleFest Didim, sporu, enerjiyi ve e\u011flenceyi bir araya getirerek unutulmaz bir hafta sonuna imza att\u0131.<\/p>\n<p>Didim\u2019in g\u00f6zde turizm merkezi Alt\u0131nkum\u2019da ger\u00e7ekle\u015ftirilen festival, iki g\u00fcn boyunca hem sporculara hem de izleyicilere renkli ve co\u015fkulu anlar ya\u015fatt\u0131.<br \/>\n<br \/>Rekabetin, enerjinin ve dostlu\u011fun bulu\u015ftu\u011fu PickleFest Didim\u2019de, T\u00fcrkiye\u2019nin d\u00f6rt bir yan\u0131ndan ve farkl\u0131 \u00fclkelerden gelen sporcular sahada k\u0131yas\u0131ya m\u00fccadele etti. Trib\u00fcnlerdeki co\u015fkulu kalabal\u0131k ise her ma\u00e7ta heyecana ortak oldu. Festival boyunca d\u00fczenlenen g\u00f6steri ma\u00e7lar\u0131, m\u00fczik performanslar\u0131 ve e\u011flenceli etkinlikler, Alt\u0131nkum\u2019u tam anlam\u0131yla bir spor \u015f\u00f6lenine d\u00f6n\u00fc\u015ft\u00fcrd\u00fc.<br \/>\n<br \/>Etkinlikle ilgili de\u011ferlendirmelerde bulunan Didim Belediye Ba\u015fkan\u0131 Hatice Gen\u00e7ay, PickleFest\u2019in Didim\u2019e yeni bir soluk kazand\u0131rd\u0131\u011f\u0131n\u0131 belirterek \u015funlar\u0131 s\u00f6yledi:<br \/>\n<br \/>&#8220;PickleFest Didim\u2019de sporun kalbi Alt\u0131nkum\u2019da att\u0131. \u0130ki g\u00fcn boyunca birbirinden g\u00fczel anlara sahne olan etkinlikte sporseverler unutulmaz bir hafta sonu ge\u00e7irdi. PickleFest\u2019in Didim\u2019in tan\u0131t\u0131m\u0131na ve spor turizminin geli\u015fimine b\u00fcy\u00fck katk\u0131 sundu\u011funu d\u00fc\u015f\u00fcn\u00fcyoruz. Etkinli\u011fe kat\u0131lan t\u00fcm sporculara ve eme\u011fi ge\u00e7en herkese te\u015fekk\u00fcr ediyorum&#8221;<br \/><\/p>\n","protected":false},"excerpt":{"rendered":"<p>Didim Belediyesi\u2019nin katk\u0131lar\u0131yla, Uluslararas\u0131 Raket Sporlar\u0131 Derne\u011fi i\u015f birli\u011fiyle 25-26 Ekim tarihlerinde ilk kez d\u00fczenlenen PickleFest Didim, sporu, enerjiyi ve e\u011flenceyi bir araya getirerek unutulmaz bir hafta sonuna imza att\u0131. Didim\u2019in g\u00f6zde turizm merkezi Alt\u0131nkum\u2019da ger\u00e7ekle\u015ftirilen festival, iki g\u00fcn boyunca hem sporculara hem de izleyicilere renkli ve co\u015fkulu anlar ya\u015fatt\u0131. Rekabetin, enerjinin ve dostlu\u011fun bulu\u015ftu\u011fu&#8230;<\/p>\n","protected":false},"author":1,"featured_media":63997,"comment_status":"open","ping_status":"open","sticky":false,"template":"","format":"standard","meta":{"_crdt_document":"","footnotes":""},"categories":[4],"tags":[],"class_list":["post-63996","post","type-post","status-publish","format-standard","has-post-thumbnail","hentry","category-spor"],"_links":{"self":[{"href":"https:\/\/www.egemtv.com\/index.php?rest_route=\/wp\/v2\/posts\/63996","targetHints":{"allow":["GET"]}}],"collection":[{"href":"https:\/\/www.egemtv.com\/index.php?rest_route=\/wp\/v2\/posts"}],"about":[{"href":"https:\/\/www.egemtv.com\/index.php?rest_route=\/wp\/v2\/types\/post"}],"author":[{"embeddable":true,"href":"https:\/\/www.egemtv.com\/index.php?rest_route=\/wp\/v2\/users\/1"}],"replies":[{"embeddable":true,"href":"https:\/\/www.egemtv.com\/index.php?rest_route=%2Fwp%2Fv2%2Fcomments&post=63996"}],"version-history":[{"count":1,"href":"https:\/\/www.egemtv.com\/index.php?rest_route=\/wp\/v2\/posts\/63996\/revisions"}],"predecessor-version":[{"id":63998,"href":"https:\/\/www.egemtv.com\/index.php?rest_route=\/wp\/v2\/posts\/63996\/revisions\/63998"}],"wp:featuredmedia":[{"embeddable":true,"href":"https:\/\/www.egemtv.com\/index.php?rest_route=\/wp\/v2\/media\/63997"}],"wp:attachment":[{"href":"https:\/\/www.egemtv.com\/index.php?rest_route=%2Fwp%2Fv2%2Fmedia&parent=63996"}],"wp:term":[{"taxonomy":"category","embeddable":true,"href":"https:\/\/www.egemtv.com\/index.php?rest_route=%2Fwp%2Fv2%2Fcategories&post=63996"},{"taxonomy":"post_tag","embeddable":true,"href":"https:\/\/www.egemtv.com\/index.php?rest_route=%2Fwp%2Fv2%2Ftags&post=63996"}],"curies":[{"name":"wp","href":"https:\/\/api.w.org\/{rel}","templated":true}]}}