{"id":63993,"date":"2025-10-27T00:54:48","date_gmt":"2025-10-26T21:54:48","guid":{"rendered":"https:\/\/www.egemtv.com\/?p=63993"},"modified":"2025-10-27T00:54:50","modified_gmt":"2025-10-26T21:54:50","slug":"ozhan-civgin-bu-galibiyete-gercekten-ihtiyacimiz-vardi","status":"publish","type":"post","link":"https:\/\/www.egemtv.com\/?p=63993","title":{"rendered":"\u00d6zhan \u00c7\u0131vg\u0131n: &#8220;Bu galibiyete ger\u00e7ekten ihtiyac\u0131m\u0131z vard\u0131&#8221;"},"content":{"rendered":"<p>Alia\u011fa Petkimspor Ba\u015fantren\u00f6r\u00fc \u00d6zhan \u00c7\u0131vg\u0131n, Mersin Spor ma\u00e7\u0131n\u0131n ard\u0131ndan yapt\u0131\u011f\u0131 a\u00e7\u0131klamada, &#8220;Bu galibiyete ger\u00e7ekten ihtiyac\u0131m\u0131z vard\u0131&#8221; dedi.<br \/>\n<br \/>T\u00fcrkiye Sigorta Basketbol S\u00fcper Ligi\u2019nin 5. haftas\u0131nda Alia\u011fa Petkimspor, sahas\u0131nda Mersin Spor\u2019u 90-86 ma\u011flup etti. Kar\u015f\u0131la\u015fman\u0131n ard\u0131ndan Alia\u011fa Petkimspor Ba\u015fantren\u00f6r\u00fc \u00d6zhan \u00c7\u0131vg\u0131n, a\u00e7\u0131klamalarda bulundu. \u00c7\u0131vg\u0131n, zorlu bir deplasmandan d\u00f6nd\u00fcklerini belirterek, haz\u0131rl\u0131k i\u00e7in yeterli s\u00fcre bulamad\u0131klar\u0131n\u0131 ancak bu galibiyete b\u00fcy\u00fck ihtiya\u00e7 duyduklar\u0131n\u0131 ifade etti. \u00c7\u0131vg\u0131n, &#8220;Zor bir deplasmandan geldik, haz\u0131rl\u0131k i\u00e7in \u00e7ok fazla vaktimiz yoktu ama bu galibiyete ger\u00e7ekten ihtiyac\u0131m\u0131z vard\u0131. Bu ma\u00e7a kadar h\u00fccumda zorlan\u0131yor, \u00e7ok fazla top kayb\u0131 yap\u0131yor ve oyun ak\u0131\u015f\u0131m\u0131zda problemler ya\u015f\u0131yorduk. Ancak bug\u00fcn oyuncular\u0131m\u0131z yorgunlu\u011fa ra\u011fmen \u00e7ok iyi konsantre oldular ve do\u011fru bir reaksiyon verdiler. Bu bizim i\u00e7in \u00e7ok \u00f6nemli bir galibiyet oldu&#8221; diye konu\u015ftu.<\/p>\n<p>FIBA Europe Cup kar\u015f\u0131la\u015fmas\u0131 \u00f6ncesinde moral ve \u00f6zg\u00fcven kazand\u0131klar\u0131n\u0131 belirten \u00c7\u0131vg\u0131n, &#8220;Hen\u00fcz sezonun ba\u015f\u0131nday\u0131z ama bu t\u00fcr galibiyetler tak\u0131m\u0131n karakterini \u015fekillendiriyor. Buraya kadar gelip bizi destekleyen Alia\u011fa ailesine \u00e7ok te\u015fekk\u00fcr ediyorum; sezonun ba\u015f\u0131ndan bu yana yan\u0131m\u0131zdalar ve onlar\u0131n deste\u011fine ger\u00e7ekten \u00e7ok ihtiyac\u0131m\u0131z var. Ayr\u0131ca t\u00fcm ekibe de te\u015fekk\u00fcr etmek istiyorum; zorland\u0131\u011f\u0131m\u0131z d\u00f6nemde birlik i\u00e7inde kalarak pozitif kalmay\u0131 ba\u015fard\u0131k&#8221; ifadelerini kulland\u0131.<br \/><\/p>\n","protected":false},"excerpt":{"rendered":"<p>Alia\u011fa Petkimspor Ba\u015fantren\u00f6r\u00fc \u00d6zhan \u00c7\u0131vg\u0131n, Mersin Spor ma\u00e7\u0131n\u0131n ard\u0131ndan yapt\u0131\u011f\u0131 a\u00e7\u0131klamada, &#8220;Bu galibiyete ger\u00e7ekten ihtiyac\u0131m\u0131z vard\u0131&#8221; dedi. T\u00fcrkiye Sigorta Basketbol S\u00fcper Ligi\u2019nin 5. haftas\u0131nda Alia\u011fa Petkimspor, sahas\u0131nda Mersin Spor\u2019u 90-86 ma\u011flup etti. Kar\u015f\u0131la\u015fman\u0131n ard\u0131ndan Alia\u011fa Petkimspor Ba\u015fantren\u00f6r\u00fc \u00d6zhan \u00c7\u0131vg\u0131n, a\u00e7\u0131klamalarda bulundu. \u00c7\u0131vg\u0131n, zorlu bir deplasmandan d\u00f6nd\u00fcklerini belirterek, haz\u0131rl\u0131k i\u00e7in yeterli s\u00fcre bulamad\u0131klar\u0131n\u0131 ancak bu galibiyete&#8230;<\/p>\n","protected":false},"author":1,"featured_media":63994,"comment_status":"open","ping_status":"open","sticky":false,"template":"","format":"standard","meta":{"_crdt_document":"","footnotes":""},"categories":[4],"tags":[],"class_list":["post-63993","post","type-post","status-publish","format-standard","has-post-thumbnail","hentry","category-spor"],"_links":{"self":[{"href":"https:\/\/www.egemtv.com\/index.php?rest_route=\/wp\/v2\/posts\/63993","targetHints":{"allow":["GET"]}}],"collection":[{"href":"https:\/\/www.egemtv.com\/index.php?rest_route=\/wp\/v2\/posts"}],"about":[{"href":"https:\/\/www.egemtv.com\/index.php?rest_route=\/wp\/v2\/types\/post"}],"author":[{"embeddable":true,"href":"https:\/\/www.egemtv.com\/index.php?rest_route=\/wp\/v2\/users\/1"}],"replies":[{"embeddable":true,"href":"https:\/\/www.egemtv.com\/index.php?rest_route=%2Fwp%2Fv2%2Fcomments&post=63993"}],"version-history":[{"count":1,"href":"https:\/\/www.egemtv.com\/index.php?rest_route=\/wp\/v2\/posts\/63993\/revisions"}],"predecessor-version":[{"id":63995,"href":"https:\/\/www.egemtv.com\/index.php?rest_route=\/wp\/v2\/posts\/63993\/revisions\/63995"}],"wp:featuredmedia":[{"embeddable":true,"href":"https:\/\/www.egemtv.com\/index.php?rest_route=\/wp\/v2\/media\/63994"}],"wp:attachment":[{"href":"https:\/\/www.egemtv.com\/index.php?rest_route=%2Fwp%2Fv2%2Fmedia&parent=63993"}],"wp:term":[{"taxonomy":"category","embeddable":true,"href":"https:\/\/www.egemtv.com\/index.php?rest_route=%2Fwp%2Fv2%2Fcategories&post=63993"},{"taxonomy":"post_tag","embeddable":true,"href":"https:\/\/www.egemtv.com\/index.php?rest_route=%2Fwp%2Fv2%2Ftags&post=63993"}],"curies":[{"name":"wp","href":"https:\/\/api.w.org\/{rel}","templated":true}]}}