{"id":63987,"date":"2025-10-26T22:56:54","date_gmt":"2025-10-26T19:56:54","guid":{"rendered":"https:\/\/www.egemtv.com\/?p=63987"},"modified":"2025-10-26T22:56:55","modified_gmt":"2025-10-26T19:56:55","slug":"ibrahim-uzulmez-bu-yarisin-icinde-sonuna-kadar-olacagiz","status":"publish","type":"post","link":"https:\/\/www.egemtv.com\/?p=63987","title":{"rendered":"\u0130brahim \u00dcz\u00fclmez: &#8220;Bu yar\u0131\u015f\u0131n i\u00e7inde sonuna kadar olaca\u011f\u0131z&#8221;"},"content":{"rendered":"<p>I\u011fd\u0131r FK Teknik Direkt\u00f6r\u00fc \u0130brahim \u00dcz\u00fclmez, Bodrum FK ma\u00e7\u0131n\u0131n ard\u0131ndan yapt\u0131\u011f\u0131 a\u00e7\u0131klamada, &#8220;Bu yar\u0131\u015f\u0131n\u0131 i\u00e7inde sonuna kadar olaca\u011f\u0131z&#8221; dedi.<br \/>\n<br \/>Trendyol 1. Lig\u2019in 11. haftas\u0131nda I\u011fd\u0131r FK, deplasmanda Bodrum FK\u2019ya 2-0 ma\u011flup oldu. Ma\u00e7\u0131n ard\u0131ndan d\u00fczenlenen bas\u0131n toplant\u0131s\u0131nda a\u00e7\u0131klamalarda bulunan I\u011fd\u0131r FK Teknik Direkt\u00f6r\u00fc \u0130brahim \u00dcz\u00fclmez, &#8220;Bizim ad\u0131m\u0131za ger\u00e7ekten siyahla beyaz gibi ge\u00e7en bir ilk yar\u0131 ve ikinci yar\u0131 oldu. Rakibi hafta i\u00e7inde iyi analiz ettik. S\u00fcper Lig tecr\u00fcbesine sahip 7-8 oyuncusu bulunan bir tak\u0131ma kar\u015f\u0131 oynayaca\u011f\u0131m\u0131z\u0131 biliyorduk. \u0130lk yar\u0131da dersimize iyi \u00e7al\u0131\u015ft\u0131\u011f\u0131m\u0131z\u0131 d\u00fc\u015f\u00fcn\u00fcyorum. Gol att\u0131k, say\u0131lmad\u0131. Ka\u00e7\u0131rd\u0131\u011f\u0131m\u0131z net pozisyonlar var. Bodrum deplasman\u0131nda bu kadar pozisyonu de\u011ferlendiremezseniz s\u0131k\u0131nt\u0131lar ba\u015f g\u00f6sterebiliyor&#8221; diye konu\u015ftu.<\/p>\n<p>&#8220;\u0130kinci yar\u0131da oyunun kontrol\u00fcn\u00fc tamamen rakibe verdik&#8221;<br \/>\n<br \/>\u0130kinci yar\u0131da yap\u0131lan basit hatalar\u0131n sonucu belirledi\u011fini vurgulayan tecr\u00fcbeli teknik adam, &#8220;Bizim kalitemizde ve tecr\u00fcbemizde bir tak\u0131ma yak\u0131\u015fmayan bir gol yedik. Futbolda hatalar olur ama o hatan\u0131n ard\u0131ndan saha i\u00e7inde bu kadar k\u0131r\u0131lgan olmamam\u0131z gerekiyordu. \u00c7\u00fcnk\u00fc bunun \u00fcstesinden gelebilecek kaliteye sahibiz. Ancak ikinci yar\u0131da oyunun kontrol\u00fcn\u00fc tamamen rakibe verdik, bu da kaybetmemize neden oldu&#8221; ifadelerini kulland\u0131.<br \/>\n<br \/>\u00dcz\u00fclmez, a\u00e7\u0131klamas\u0131n\u0131n sonunda ise tak\u0131ma g\u00fcvendi\u011fini vurgulayarak, &#8220;Uzun bir maraton bu. Bug\u00fcn kaybettik ama biz bu yar\u0131\u015f\u0131n i\u00e7inde sonuna kadar olaca\u011f\u0131z. Kimsenin bundan \u015f\u00fcphesi olmas\u0131n. Bodrum tak\u0131m\u0131n\u0131, Burhan Hoca\u2019y\u0131 ve oyuncular\u0131n\u0131 da tebrik ediyorum&#8221; a\u00e7\u0131klamas\u0131nda bulundu.<br \/><\/p>\n","protected":false},"excerpt":{"rendered":"<p>I\u011fd\u0131r FK Teknik Direkt\u00f6r\u00fc \u0130brahim \u00dcz\u00fclmez, Bodrum FK ma\u00e7\u0131n\u0131n ard\u0131ndan yapt\u0131\u011f\u0131 a\u00e7\u0131klamada, &#8220;Bu yar\u0131\u015f\u0131n\u0131 i\u00e7inde sonuna kadar olaca\u011f\u0131z&#8221; dedi. Trendyol 1. Lig\u2019in 11. haftas\u0131nda I\u011fd\u0131r FK, deplasmanda Bodrum FK\u2019ya 2-0 ma\u011flup oldu. Ma\u00e7\u0131n ard\u0131ndan d\u00fczenlenen bas\u0131n toplant\u0131s\u0131nda a\u00e7\u0131klamalarda bulunan I\u011fd\u0131r FK Teknik Direkt\u00f6r\u00fc \u0130brahim \u00dcz\u00fclmez, &#8220;Bizim ad\u0131m\u0131za ger\u00e7ekten siyahla beyaz gibi ge\u00e7en bir ilk yar\u0131&#8230;<\/p>\n","protected":false},"author":1,"featured_media":63988,"comment_status":"open","ping_status":"open","sticky":false,"template":"","format":"standard","meta":{"_crdt_document":"","footnotes":""},"categories":[4],"tags":[],"class_list":["post-63987","post","type-post","status-publish","format-standard","has-post-thumbnail","hentry","category-spor"],"_links":{"self":[{"href":"https:\/\/www.egemtv.com\/index.php?rest_route=\/wp\/v2\/posts\/63987","targetHints":{"allow":["GET"]}}],"collection":[{"href":"https:\/\/www.egemtv.com\/index.php?rest_route=\/wp\/v2\/posts"}],"about":[{"href":"https:\/\/www.egemtv.com\/index.php?rest_route=\/wp\/v2\/types\/post"}],"author":[{"embeddable":true,"href":"https:\/\/www.egemtv.com\/index.php?rest_route=\/wp\/v2\/users\/1"}],"replies":[{"embeddable":true,"href":"https:\/\/www.egemtv.com\/index.php?rest_route=%2Fwp%2Fv2%2Fcomments&post=63987"}],"version-history":[{"count":1,"href":"https:\/\/www.egemtv.com\/index.php?rest_route=\/wp\/v2\/posts\/63987\/revisions"}],"predecessor-version":[{"id":63989,"href":"https:\/\/www.egemtv.com\/index.php?rest_route=\/wp\/v2\/posts\/63987\/revisions\/63989"}],"wp:featuredmedia":[{"embeddable":true,"href":"https:\/\/www.egemtv.com\/index.php?rest_route=\/wp\/v2\/media\/63988"}],"wp:attachment":[{"href":"https:\/\/www.egemtv.com\/index.php?rest_route=%2Fwp%2Fv2%2Fmedia&parent=63987"}],"wp:term":[{"taxonomy":"category","embeddable":true,"href":"https:\/\/www.egemtv.com\/index.php?rest_route=%2Fwp%2Fv2%2Fcategories&post=63987"},{"taxonomy":"post_tag","embeddable":true,"href":"https:\/\/www.egemtv.com\/index.php?rest_route=%2Fwp%2Fv2%2Ftags&post=63987"}],"curies":[{"name":"wp","href":"https:\/\/api.w.org\/{rel}","templated":true}]}}