{"id":63984,"date":"2025-10-26T22:36:09","date_gmt":"2025-10-26T19:36:09","guid":{"rendered":"https:\/\/www.egemtv.com\/?p=63984"},"modified":"2025-10-26T22:36:14","modified_gmt":"2025-10-26T19:36:14","slug":"sefer-yildiz-ikinci-yarida-gercek-bodrum-fkyi-gosterdik","status":"publish","type":"post","link":"https:\/\/www.egemtv.com\/?p=63984","title":{"rendered":"Sefer Y\u0131ld\u0131z: &#8220;\u0130kinci yar\u0131da ger\u00e7ek Bodrum FK\u2019y\u0131 g\u00f6sterdik&#8221;"},"content":{"rendered":"<p>Bodrum FK Teknik Sorumlusu Sefer Y\u0131ld\u0131z, I\u011fd\u0131r FK ma\u00e7\u0131n\u0131n ikinci yar\u0131s\u0131nda ger\u00e7ek oyunlar\u0131n\u0131 g\u00f6sterdiklerini s\u00f6yledi.<br \/>\n<br \/>Trendyol 1. Lig\u2019in 11. haftas\u0131nda Bodrum FK evinde m\u00fccadele etti\u011fi I\u011fd\u0131r FK\u2019y\u0131 2-0 ma\u011flup etti. Ma\u00e7\u0131n ard\u0131ndan d\u00fczenlenen bas\u0131n toplat\u0131s\u0131nda a\u00e7\u0131klamalarda bulunan Bodrum FK Teknik Sorumlusu Sefer Y\u0131ld\u0131z, kar\u015f\u0131la\u015fman\u0131n zorluk derecesine dikkat \u00e7ekerek, &#8220;Rakibimiz son 5 haftan\u0131n en fazla puan toplayan ve en ba\u015far\u0131l\u0131 tak\u0131m\u0131yd\u0131. \u00d6zellikle bunu ilk yar\u0131da oynad\u0131klar\u0131 oyunla da g\u00f6sterdi. Ba\u015fta I\u011fd\u0131rspor ve teknik direkt\u00f6rleri \u0130brahim hocay\u0131 tebrik ediyorum. \u00c7ok g\u00fczel bir oyun sergilediler. \u0130lk yar\u0131da buna \u00e7ok fazla kar\u015f\u0131l\u0131k veremedik. Ancak devre aras\u0131nda hem oyuncu de\u011fi\u015fiklikleri hem de oyun plan\u0131m\u0131zdaki revizyonlarla ikinci yar\u0131da ger\u00e7ek Bodrum FK\u2019y\u0131 sahada g\u00f6sterdik&#8221; diye konu\u015ftu.<br \/>\n<br \/>Zor bir haftay\u0131 geride b\u0131rakt\u0131klar\u0131n\u0131 vurgulayan Y\u0131ld\u0131z, &#8220;Att\u0131\u011f\u0131m\u0131z gollerle g\u00fczel bir galibiyet ald\u0131k. Rakiplerimizin de puan kaybetti\u011fi bu haftada 3 puan alarak puan fark\u0131n\u0131 art\u0131rd\u0131k. \u0130n\u015fallah sezon sonuna kadar liderli\u011fi s\u00fcrd\u00fcrmek istiyoruz&#8221; ifadelerini kulland\u0131.<br \/><\/p>\n","protected":false},"excerpt":{"rendered":"<p>Bodrum FK Teknik Sorumlusu Sefer Y\u0131ld\u0131z, I\u011fd\u0131r FK ma\u00e7\u0131n\u0131n ikinci yar\u0131s\u0131nda ger\u00e7ek oyunlar\u0131n\u0131 g\u00f6sterdiklerini s\u00f6yledi. Trendyol 1. Lig\u2019in 11. haftas\u0131nda Bodrum FK evinde m\u00fccadele etti\u011fi I\u011fd\u0131r FK\u2019y\u0131 2-0 ma\u011flup etti. Ma\u00e7\u0131n ard\u0131ndan d\u00fczenlenen bas\u0131n toplat\u0131s\u0131nda a\u00e7\u0131klamalarda bulunan Bodrum FK Teknik Sorumlusu Sefer Y\u0131ld\u0131z, kar\u015f\u0131la\u015fman\u0131n zorluk derecesine dikkat \u00e7ekerek, &#8220;Rakibimiz son 5 haftan\u0131n en fazla puan&#8230;<\/p>\n","protected":false},"author":1,"featured_media":63985,"comment_status":"open","ping_status":"open","sticky":false,"template":"","format":"standard","meta":{"_crdt_document":"","footnotes":""},"categories":[4],"tags":[],"class_list":["post-63984","post","type-post","status-publish","format-standard","has-post-thumbnail","hentry","category-spor"],"_links":{"self":[{"href":"https:\/\/www.egemtv.com\/index.php?rest_route=\/wp\/v2\/posts\/63984","targetHints":{"allow":["GET"]}}],"collection":[{"href":"https:\/\/www.egemtv.com\/index.php?rest_route=\/wp\/v2\/posts"}],"about":[{"href":"https:\/\/www.egemtv.com\/index.php?rest_route=\/wp\/v2\/types\/post"}],"author":[{"embeddable":true,"href":"https:\/\/www.egemtv.com\/index.php?rest_route=\/wp\/v2\/users\/1"}],"replies":[{"embeddable":true,"href":"https:\/\/www.egemtv.com\/index.php?rest_route=%2Fwp%2Fv2%2Fcomments&post=63984"}],"version-history":[{"count":1,"href":"https:\/\/www.egemtv.com\/index.php?rest_route=\/wp\/v2\/posts\/63984\/revisions"}],"predecessor-version":[{"id":63986,"href":"https:\/\/www.egemtv.com\/index.php?rest_route=\/wp\/v2\/posts\/63984\/revisions\/63986"}],"wp:featuredmedia":[{"embeddable":true,"href":"https:\/\/www.egemtv.com\/index.php?rest_route=\/wp\/v2\/media\/63985"}],"wp:attachment":[{"href":"https:\/\/www.egemtv.com\/index.php?rest_route=%2Fwp%2Fv2%2Fmedia&parent=63984"}],"wp:term":[{"taxonomy":"category","embeddable":true,"href":"https:\/\/www.egemtv.com\/index.php?rest_route=%2Fwp%2Fv2%2Fcategories&post=63984"},{"taxonomy":"post_tag","embeddable":true,"href":"https:\/\/www.egemtv.com\/index.php?rest_route=%2Fwp%2Fv2%2Ftags&post=63984"}],"curies":[{"name":"wp","href":"https:\/\/api.w.org\/{rel}","templated":true}]}}