{"id":63978,"date":"2025-10-26T21:55:08","date_gmt":"2025-10-26T18:55:08","guid":{"rendered":"https:\/\/www.egemtv.com\/?p=63978"},"modified":"2025-10-26T21:55:13","modified_gmt":"2025-10-26T18:55:13","slug":"afyonspor-evinde-eskisehirspora-maglup-oldu","status":"publish","type":"post","link":"https:\/\/www.egemtv.com\/?p=63978","title":{"rendered":"Afyonspor evinde Eski\u015fehirspor\u2019a ma\u011flup oldu"},"content":{"rendered":"<p>TFF 3. Lig\u2019in 8. haftas\u0131nda Afyonspor sahas\u0131nda kar\u015f\u0131la\u015ft\u0131\u011f\u0131 Eski\u015fehirspor\u2019a 5-1 ma\u011flup oldu.<br \/>\n<br \/>TF 3. Lig\u2019in 8. haftas\u0131nda Afyonspor ile Eski\u015fehirspor Afyonkarahisar Kocatepe Spor Kompleksi\u2019nde kar\u015f\u0131 kar\u015f\u0131ya geldi. M\u00fccadelenin ilk yar\u0131s\u0131n\u0131 konuk ekip Batuhan Do\u011fruk\u0131ran\u2019\u0131n 5 ve 20. dakikalarda ve \u0130smail Kulet\u2019in ise 34. dakikada att\u0131\u011f\u0131 gollerle 3-0 \u00f6nde kapatt\u0131.<br \/>\n<br \/>Kar\u015f\u0131la\u015fman\u0131n ikinci yar\u0131s\u0131nda ise Afyonspor a\u011flar\u0131n\u0131 55. dakikada Batuhan Do\u011fruk\u0131ran bir kez daha havaland\u0131rd\u0131. Kar\u015f\u0131la\u015fman\u0131n 68. dakikas\u0131nda ise sahneye bu defa Ak\u0131n Akman \u00e7\u0131kt\u0131. Akman kar\u015f\u0131la\u015fman\u0131n 5. gol\u00fcn\u00fc att\u0131. 80. dakikada Afyonspor\u2019da Ali Eray Bozkurt skoru 5-1\u2019e getiren gol\u00fc att\u0131.<br \/>\n<br \/>Kar\u015f\u0131la\u015fmada ba\u015fka gol olmay\u0131nca ma\u00e7 bu skorla sona erdi.<br \/><\/p>\n","protected":false},"excerpt":{"rendered":"<p>TFF 3. Lig\u2019in 8. haftas\u0131nda Afyonspor sahas\u0131nda kar\u015f\u0131la\u015ft\u0131\u011f\u0131 Eski\u015fehirspor\u2019a 5-1 ma\u011flup oldu. TF 3. Lig\u2019in 8. haftas\u0131nda Afyonspor ile Eski\u015fehirspor Afyonkarahisar Kocatepe Spor Kompleksi\u2019nde kar\u015f\u0131 kar\u015f\u0131ya geldi. M\u00fccadelenin ilk yar\u0131s\u0131n\u0131 konuk ekip Batuhan Do\u011fruk\u0131ran\u2019\u0131n 5 ve 20. dakikalarda ve \u0130smail Kulet\u2019in ise 34. dakikada att\u0131\u011f\u0131 gollerle 3-0 \u00f6nde kapatt\u0131. Kar\u015f\u0131la\u015fman\u0131n ikinci yar\u0131s\u0131nda ise Afyonspor a\u011flar\u0131n\u0131&#8230;<\/p>\n","protected":false},"author":1,"featured_media":63979,"comment_status":"open","ping_status":"open","sticky":false,"template":"","format":"standard","meta":{"_crdt_document":"","footnotes":""},"categories":[4],"tags":[],"class_list":["post-63978","post","type-post","status-publish","format-standard","has-post-thumbnail","hentry","category-spor"],"_links":{"self":[{"href":"https:\/\/www.egemtv.com\/index.php?rest_route=\/wp\/v2\/posts\/63978","targetHints":{"allow":["GET"]}}],"collection":[{"href":"https:\/\/www.egemtv.com\/index.php?rest_route=\/wp\/v2\/posts"}],"about":[{"href":"https:\/\/www.egemtv.com\/index.php?rest_route=\/wp\/v2\/types\/post"}],"author":[{"embeddable":true,"href":"https:\/\/www.egemtv.com\/index.php?rest_route=\/wp\/v2\/users\/1"}],"replies":[{"embeddable":true,"href":"https:\/\/www.egemtv.com\/index.php?rest_route=%2Fwp%2Fv2%2Fcomments&post=63978"}],"version-history":[{"count":1,"href":"https:\/\/www.egemtv.com\/index.php?rest_route=\/wp\/v2\/posts\/63978\/revisions"}],"predecessor-version":[{"id":63980,"href":"https:\/\/www.egemtv.com\/index.php?rest_route=\/wp\/v2\/posts\/63978\/revisions\/63980"}],"wp:featuredmedia":[{"embeddable":true,"href":"https:\/\/www.egemtv.com\/index.php?rest_route=\/wp\/v2\/media\/63979"}],"wp:attachment":[{"href":"https:\/\/www.egemtv.com\/index.php?rest_route=%2Fwp%2Fv2%2Fmedia&parent=63978"}],"wp:term":[{"taxonomy":"category","embeddable":true,"href":"https:\/\/www.egemtv.com\/index.php?rest_route=%2Fwp%2Fv2%2Fcategories&post=63978"},{"taxonomy":"post_tag","embeddable":true,"href":"https:\/\/www.egemtv.com\/index.php?rest_route=%2Fwp%2Fv2%2Ftags&post=63978"}],"curies":[{"name":"wp","href":"https:\/\/api.w.org\/{rel}","templated":true}]}}