{"id":63915,"date":"2025-10-26T14:14:59","date_gmt":"2025-10-26T11:14:59","guid":{"rendered":"https:\/\/www.egemtv.com\/?p=63915"},"modified":"2025-10-26T14:15:02","modified_gmt":"2025-10-26T11:15:02","slug":"manisada-aranan-7-sahis-yakalandi","status":"publish","type":"post","link":"https:\/\/www.egemtv.com\/?p=63915","title":{"rendered":"Manisa\u2019da aranan 7 \u015fah\u0131s yakaland\u0131"},"content":{"rendered":"<p>Manisa \u0130l Emniyet M\u00fcd\u00fcrl\u00fc\u011f\u00fc ekipleri taraf\u0131ndan il genelinde yap\u0131lan huzur, g\u00fcven uygulamas\u0131nda aranan 7 \u015fahs\u0131n yakaland\u0131\u011f\u0131, 10 \u015fah\u0131s hakk\u0131nda da adli i\u015flem ba\u015flat\u0131ld\u0131\u011f\u0131 a\u00e7\u0131kland\u0131.<br \/>\n<br \/>Manisa \u0130l Emniyet M\u00fcd\u00fcrl\u00fc\u011f\u00fc g\u00f6revlilerince 25 Ekim Cumartesi g\u00fcn\u00fc 20.00-00.00 saatleri aras\u0131nda il genelinde e\u015f zamanl\u0131 olarak 86 ekip 330 personelin kat\u0131l\u0131m\u0131yla yap\u0131lan \u2019Manisa G\u00fcven Huzur Uygulamas\u0131nda\u2019 3 bin 508 \u015fahs\u0131n sorguland\u0131\u011f\u0131, 7 aranan \u015fahs\u0131n ise yakaland\u0131\u011f\u0131 bildirildi. Uygulamada 1133 arac\u0131n denetlendi\u011fi ve kurallara uymayan 167 ara\u00e7 s\u00fcr\u00fcc\u00fcs\u00fcne 795 bin 122 TL para cezas\u0131 uyguland\u0131\u011f\u0131 9 arac\u0131n da trafikten men edildi\u011fi a\u00e7\u0131kland\u0131.<br \/>\n<br \/>\u0130l genelinde 182 a\u00e7\u0131k istirahat ve e\u011flence yeri, 74 park ve bah\u00e7e, 20 okul \u00e7evresi, 3 otogar ve tren gar\u0131, 30 metruk bina ve \u00e7evresinin kontrol edildi\u011fi belirtilirken, 5 \u015fahs\u0131n kapal\u0131 alanda sigara i\u00e7ti\u011fi tespit edilerek 4 bin 885 TL idari para cezas\u0131 uyguland\u0131\u011f\u0131, 1 adet ruhsats\u0131z tabanca, 1 adet kuru s\u0131k\u0131 tabanca, 10,35 gram esrar maddesi, 1 gram metamfetamin maddesi, 112 adet sentetik ecza ele ge\u00e7irildi\u011fi bildirildi. Yap\u0131lan uygulamada ayr\u0131ca 10 \u015fah\u0131s hakk\u0131nda adli i\u015flem yap\u0131ld\u0131\u011f\u0131 \u00f6\u011frenildi.<br \/><\/p>\n","protected":false},"excerpt":{"rendered":"<p>Manisa \u0130l Emniyet M\u00fcd\u00fcrl\u00fc\u011f\u00fc ekipleri taraf\u0131ndan il genelinde yap\u0131lan huzur, g\u00fcven uygulamas\u0131nda aranan 7 \u015fahs\u0131n yakaland\u0131\u011f\u0131, 10 \u015fah\u0131s hakk\u0131nda da adli i\u015flem ba\u015flat\u0131ld\u0131\u011f\u0131 a\u00e7\u0131kland\u0131. Manisa \u0130l Emniyet M\u00fcd\u00fcrl\u00fc\u011f\u00fc g\u00f6revlilerince 25 Ekim Cumartesi g\u00fcn\u00fc 20.00-00.00 saatleri aras\u0131nda il genelinde e\u015f zamanl\u0131 olarak 86 ekip 330 personelin kat\u0131l\u0131m\u0131yla yap\u0131lan \u2019Manisa G\u00fcven Huzur Uygulamas\u0131nda\u2019 3 bin 508 \u015fahs\u0131n&#8230;<\/p>\n","protected":false},"author":1,"featured_media":63916,"comment_status":"open","ping_status":"open","sticky":false,"template":"","format":"standard","meta":{"_crdt_document":"","footnotes":""},"categories":[5],"tags":[],"class_list":["post-63915","post","type-post","status-publish","format-standard","has-post-thumbnail","hentry","category-asayis"],"_links":{"self":[{"href":"https:\/\/www.egemtv.com\/index.php?rest_route=\/wp\/v2\/posts\/63915","targetHints":{"allow":["GET"]}}],"collection":[{"href":"https:\/\/www.egemtv.com\/index.php?rest_route=\/wp\/v2\/posts"}],"about":[{"href":"https:\/\/www.egemtv.com\/index.php?rest_route=\/wp\/v2\/types\/post"}],"author":[{"embeddable":true,"href":"https:\/\/www.egemtv.com\/index.php?rest_route=\/wp\/v2\/users\/1"}],"replies":[{"embeddable":true,"href":"https:\/\/www.egemtv.com\/index.php?rest_route=%2Fwp%2Fv2%2Fcomments&post=63915"}],"version-history":[{"count":1,"href":"https:\/\/www.egemtv.com\/index.php?rest_route=\/wp\/v2\/posts\/63915\/revisions"}],"predecessor-version":[{"id":63917,"href":"https:\/\/www.egemtv.com\/index.php?rest_route=\/wp\/v2\/posts\/63915\/revisions\/63917"}],"wp:featuredmedia":[{"embeddable":true,"href":"https:\/\/www.egemtv.com\/index.php?rest_route=\/wp\/v2\/media\/63916"}],"wp:attachment":[{"href":"https:\/\/www.egemtv.com\/index.php?rest_route=%2Fwp%2Fv2%2Fmedia&parent=63915"}],"wp:term":[{"taxonomy":"category","embeddable":true,"href":"https:\/\/www.egemtv.com\/index.php?rest_route=%2Fwp%2Fv2%2Fcategories&post=63915"},{"taxonomy":"post_tag","embeddable":true,"href":"https:\/\/www.egemtv.com\/index.php?rest_route=%2Fwp%2Fv2%2Ftags&post=63915"}],"curies":[{"name":"wp","href":"https:\/\/api.w.org\/{rel}","templated":true}]}}