{"id":63912,"date":"2025-10-26T13:55:48","date_gmt":"2025-10-26T10:55:48","guid":{"rendered":"https:\/\/www.egemtv.com\/?p=63912"},"modified":"2025-10-26T13:55:52","modified_gmt":"2025-10-26T10:55:52","slug":"vali-erin-kedilerin-patilerinin-kesildigi-iddiasinin-asli-astari-yok-tek-bir-ihbar-bile-bulunmuyor","status":"publish","type":"post","link":"https:\/\/www.egemtv.com\/?p=63912","title":{"rendered":"Vali Erin: &#8220;Kedilerin patilerinin kesildi\u011fi iddias\u0131n\u0131n asl\u0131 astar\u0131 yok, tek bir ihbar bile bulunmuyor&#8221;"},"content":{"rendered":"<p>Isparta\u2019da &#8220;ba\u011flama b\u00fcy\u00fcs\u00fc i\u00e7in kedilerin patileri ve kuyruklar\u0131 kesiliyor&#8221; iddialar\u0131yla g\u00fcndeme gelen haberle ilgili konu\u015fan Vali Abdullah Erin, konuyla ilgili hi\u00e7bir ihbar ya da delil bulunmad\u0131\u011f\u0131n\u0131 belirterek, &#8220;Bu haberin hi\u00e7bir asl\u0131 astar\u0131 yok. Tek bir olay dahi yok&#8221; dedi.<br \/>\n<br \/>Isparta\u2019da son g\u00fcnlerde sosyal medyada yay\u0131lan &#8220;ba\u011flama b\u00fcy\u00fcs\u00fc i\u00e7in kedilerin patileri ve kuyruklar\u0131n\u0131n kesildi\u011fi&#8221; iddialar\u0131 kamuoyunda tepkiyle kar\u015f\u0131land\u0131. \u0130ddialar\u0131n ard\u0131ndan Isparta Barosu, s\u00fcrekli kendilerine bu tarz \u015fikayetler geldi\u011fi i\u00e7in Cumhuriyet Ba\u015fsavc\u0131l\u0131\u011f\u0131\u2019na su\u00e7 duyurusunda bulundu\u011funu sosyal medya hesab\u0131ndan yapt\u0131\u011f\u0131 bas\u0131n a\u00e7\u0131klamas\u0131yla duyurdu.<\/p>\n<p>&#8220;B\u00fcy\u00fc amac\u0131yla yap\u0131ld\u0131\u011f\u0131 d\u00fc\u015f\u00fcn\u00fclen eylemler&#8221;<br \/>\n<br \/>Isparta Barosu\u2019nda yap\u0131lan a\u00e7\u0131klamada, &#8220;B\u00fcy\u00fc yapma amac\u0131yla ger\u00e7ekle\u015ftirildi\u011fi d\u00fc\u015f\u00fcn\u00fclen bu eylemler neticesinde \u00e7ok say\u0131da patisi ve kuyru\u011fu kesilmi\u015f hayvan tespit edilmi\u015f, bunlar\u0131n bir\u00e7o\u011fu hayatta kalmay\u0131 ba\u015faramam\u0131\u015f, geri kalan k\u0131sm\u0131 ise sakat kalm\u0131\u015ft\u0131r. Veterinerlerden ve halk\u0131m\u0131zdan gelen ihbarlar \u00fczerine Isparta Barosu Ba\u015fkanl\u0131\u011f\u0131m\u0131zca harekete ge\u00e7ilmi\u015f, Hayvan Haklar\u0131 Komisyonumuzca gerekli ara\u015ft\u0131rmalar yap\u0131larak Isparta Cumhuriyet Ba\u015fsavc\u0131l\u0131\u011f\u0131\u2019na konu hakk\u0131nda \u015fikayette bulunulmu\u015ftur. \u0130limiz halk\u0131, valili\u011fi ve belediyesi ile hayvansever \u00e7al\u0131\u015fmalar\u0131yla \u00f6rnek bir \u015fehir olma yolundayken ya\u015fanan bu olaylar, t\u00fcm vicdanlar\u0131 derinden sarsm\u0131\u015ft\u0131r&#8221; ifadeleri yer alm\u0131\u015ft\u0131.<\/p>\n<p>&#8220;Ortada ne bir delil, ne de bir \u015fikayet\u00e7i var&#8221;<br \/>\n<br \/>Konuya ili\u015fkin ge\u00e7ti\u011fimiz g\u00fcn asayi\u015f toplant\u0131s\u0131nda a\u00e7\u0131klama yapan Isparta Valisi Abdullah Erin ise iddialar\u0131n ger\u00e7e\u011fi yans\u0131tmad\u0131\u011f\u0131n\u0131 belirterek, &#8220;Kolluk kuvvetlerimize veya adli mercilere bu y\u00f6nde gelen bir tek ihbar ya da \u015fikayet yok. Kedilerin v\u00fccut b\u00fct\u00fcnl\u00fc\u011f\u00fcn\u00fc bozacak bir fiil veya eylem oldu\u011funa dair ortada ne bir delil, ne de bir \u015fikayet\u00e7i var&#8221; dedi.<\/p>\n<p>&#8220;Bu haberin hi\u00e7bir asl\u0131 astar\u0131 yok&#8221;<br \/>\n<br \/>Vali Erin, kentte hayvana y\u00f6nelik su\u00e7larda ciddi bir azalma ya\u015fand\u0131\u011f\u0131n\u0131 vurgulayarak, &#8220;Ge\u00e7en y\u0131la oranla hayvana y\u00f6nelik su\u00e7larda y\u00fczde 50 azalma var. Bu oran di\u011fer su\u00e7lara bakt\u0131\u011f\u0131m\u0131zda 10 binde 1\u2019e denk geliyor. Bu haberin hi\u00e7bir asl\u0131 astar\u0131 yok. Baromuza gelen sosyal medya \u015fikayetleri \u00fczerine b\u00f6yle bir a\u00e7\u0131klama yap\u0131lm\u0131\u015f. Bazen Valili\u011fimizi de etiketleyerek benzer ihbarlarda bulunuluyor ama asl\u0131 \u00e7\u0131km\u0131yor. Dedi\u011fim gibi 1 tane olay yok. Olsa vallahi s\u00f6ylerim&#8221; ifadelerini kulland\u0131.<br \/><\/p>\n","protected":false},"excerpt":{"rendered":"<p>Isparta\u2019da &#8220;ba\u011flama b\u00fcy\u00fcs\u00fc i\u00e7in kedilerin patileri ve kuyruklar\u0131 kesiliyor&#8221; iddialar\u0131yla g\u00fcndeme gelen haberle ilgili konu\u015fan Vali Abdullah Erin, konuyla ilgili hi\u00e7bir ihbar ya da delil bulunmad\u0131\u011f\u0131n\u0131 belirterek, &#8220;Bu haberin hi\u00e7bir asl\u0131 astar\u0131 yok. Tek bir olay dahi yok&#8221; dedi. Isparta\u2019da son g\u00fcnlerde sosyal medyada yay\u0131lan &#8220;ba\u011flama b\u00fcy\u00fcs\u00fc i\u00e7in kedilerin patileri ve kuyruklar\u0131n\u0131n kesildi\u011fi&#8221; iddialar\u0131 kamuoyunda&#8230;<\/p>\n","protected":false},"author":1,"featured_media":63913,"comment_status":"open","ping_status":"open","sticky":false,"template":"","format":"standard","meta":{"_crdt_document":"","footnotes":""},"categories":[5],"tags":[],"class_list":["post-63912","post","type-post","status-publish","format-standard","has-post-thumbnail","hentry","category-asayis"],"_links":{"self":[{"href":"https:\/\/www.egemtv.com\/index.php?rest_route=\/wp\/v2\/posts\/63912","targetHints":{"allow":["GET"]}}],"collection":[{"href":"https:\/\/www.egemtv.com\/index.php?rest_route=\/wp\/v2\/posts"}],"about":[{"href":"https:\/\/www.egemtv.com\/index.php?rest_route=\/wp\/v2\/types\/post"}],"author":[{"embeddable":true,"href":"https:\/\/www.egemtv.com\/index.php?rest_route=\/wp\/v2\/users\/1"}],"replies":[{"embeddable":true,"href":"https:\/\/www.egemtv.com\/index.php?rest_route=%2Fwp%2Fv2%2Fcomments&post=63912"}],"version-history":[{"count":1,"href":"https:\/\/www.egemtv.com\/index.php?rest_route=\/wp\/v2\/posts\/63912\/revisions"}],"predecessor-version":[{"id":63914,"href":"https:\/\/www.egemtv.com\/index.php?rest_route=\/wp\/v2\/posts\/63912\/revisions\/63914"}],"wp:featuredmedia":[{"embeddable":true,"href":"https:\/\/www.egemtv.com\/index.php?rest_route=\/wp\/v2\/media\/63913"}],"wp:attachment":[{"href":"https:\/\/www.egemtv.com\/index.php?rest_route=%2Fwp%2Fv2%2Fmedia&parent=63912"}],"wp:term":[{"taxonomy":"category","embeddable":true,"href":"https:\/\/www.egemtv.com\/index.php?rest_route=%2Fwp%2Fv2%2Fcategories&post=63912"},{"taxonomy":"post_tag","embeddable":true,"href":"https:\/\/www.egemtv.com\/index.php?rest_route=%2Fwp%2Fv2%2Ftags&post=63912"}],"curies":[{"name":"wp","href":"https:\/\/api.w.org\/{rel}","templated":true}]}}