{"id":63909,"date":"2025-10-26T13:55:38","date_gmt":"2025-10-26T10:55:38","guid":{"rendered":"https:\/\/www.egemtv.com\/?p=63909"},"modified":"2025-10-26T13:55:44","modified_gmt":"2025-10-26T10:55:44","slug":"dpude-postmodernizm-toplumsal-degisim-ve-din-baslikli-sempozyum","status":"publish","type":"post","link":"https:\/\/www.egemtv.com\/?p=63909","title":{"rendered":"DP\u00dc\u2019de &#8220;Postmodernizm, Toplumsal De\u011fi\u015fim ve Din&#8221; ba\u015fl\u0131kl\u0131 sempozyum"},"content":{"rendered":"<p>K\u00fctahya Dumlup\u0131nar \u00dcniversitesi\u2019nde (DP\u00dc), &#8220;Postmodernizm, Toplumsal De\u011fi\u015fim ve Din&#8221; ba\u015fl\u0131kl\u0131 sempozyum i\u00e7in a\u00e7\u0131l\u0131\u015f oturumu ger\u00e7ekle\u015ftirildi.<br \/>\n<br \/>K\u00fctahya Dumlup\u0131nar \u00dcniversitesi \u0130lahiyat Fak\u00fcltesi Konferans Salonu\u2019nda, \u0130lahiyat Fak\u00fcltesi \u0130slam Medeniyeti Uygulama ve Ara\u015ft\u0131rma Merkezi ve \u0130slami \u0130limler Ara\u015ft\u0131rma Vakf\u0131 i\u015f birli\u011fiyle d\u00fczenlenen sempozyuma Rekt\u00f6r Prof. Dr. S\u00fcleyman K\u0131z\u0131ltoprak, Rekt\u00f6r Yard\u0131mc\u0131s\u0131 ve \u0130lahiyat Fak\u00fcltesi Dekan\u0131 Prof. Dr. \u0130smail Yal\u00e7\u0131n, \u0130slami \u0130limler Ara\u015ft\u0131rma Vakf\u0131 Ba\u015fkan\u0131 Prof. Dr. Salih Tu\u011f, akademik ve idari personel, sempozyuma bildirileriyle kat\u0131lan akademisyenler ve \u00f6\u011frenciler kat\u0131ld\u0131.<br \/>\n<br \/>Sayg\u0131 duru\u015fu ve \u0130stiklal Mar\u015f\u0131\u2019n\u0131n okunmas\u0131n\u0131n ard\u0131ndan Kur\u2019an-\u0131 Kerim tilavetiyle ba\u015flayan program\u0131n a\u00e7\u0131l\u0131\u015f\u0131nda konu\u015fan Prof. Dr. \u0130smail Yal\u00e7\u0131n, sempozyumun amac\u0131na de\u011finerek destek veren kurum ve kat\u0131l\u0131mc\u0131lara te\u015fekk\u00fcr etti.<br \/>\n<br \/>Ard\u0131ndan k\u00fcrs\u00fcye gelen Prof. Dr. Salih Tu\u011f, bu sempozyumun \u00e7ok say\u0131da akademisyen ve g\u00f6n\u00fcll\u00fcn\u00fcn eme\u011fiyle hayata ge\u00e7irildi\u011fini belirterek, \u00f6zellikle gen\u00e7 ara\u015ft\u0131rmac\u0131lar\u0131n katk\u0131lar\u0131n\u0131 g\u00f6rmekten duydu\u011fu memnuniyeti dile getirdi.<\/p>\n<p>&#8220;Anlamak ve ele\u015ftiri getirebilmek a\u00e7\u0131s\u0131ndan b\u00fcy\u00fck bir \u00f6nem arz ediyor&#8221;<br \/>\n<br \/>Prof. Dr. Mahmut Kaya ve K\u00fctahya \u0130lahiyat Fak\u00fcltesi Mezunlar Derne\u011fi Ba\u015fkan\u0131 M\u00fccahit K\u00f6ksal\u2019\u0131n konu\u015fmalar\u0131n\u0131n ard\u0131ndan k\u00fcrs\u00fcye gelen Rekt\u00f6r Prof. Dr. S\u00fcleyman K\u0131z\u0131ltoprak, postmodernizmin toplumsal d\u00f6n\u00fc\u015f\u00fcmler \u00fczerindeki etkisini ve dinin bu s\u00fcre\u00e7teki rol\u00fcn\u00fc anlaman\u0131n \u00f6nemine de\u011findi. K\u0131z\u0131ltoprak, &#8220;Dinin toplum \u00fczerindeki etkisinin yeniden sorguland\u0131\u011f\u0131 bu s\u00fcre\u00e7te d\u00fczenlenen bu sempozyum, \u00fclkemizin en deneyimli akademisyenlerinin \u00f6nc\u00fcl\u00fc\u011f\u00fcnde s\u00f6z konusu dinamikleri derinlemesine anlamak ve ele\u015ftiri getirebilmek a\u00e7\u0131s\u0131ndan b\u00fcy\u00fck bir \u00f6nem arz ediyor. Siz de\u011ferli kat\u0131l\u0131mc\u0131lar\u0131n katk\u0131lar\u0131yla bu sempozyumun yap\u0131c\u0131 tart\u0131\u015fmalara zemin haz\u0131rlayaca\u011f\u0131na inan\u0131yorum&#8221; ifadelerini kulland\u0131.<br \/>\n<br \/>Protokol konu\u015fmalar\u0131n\u0131n ard\u0131ndan sempozyumun a\u00e7\u0131l\u0131\u015f konferans\u0131nda Ankara \u00dcniversitesi \u0130lahiyat Fak\u00fcltesi \u00f6\u011fretim \u00fcyesi Prof. Dr. \u015eaban Ali D\u00fczg\u00fcn, &#8220;Birbirini D\u00f6n\u00fc\u015ft\u00fcren Kar\u015f\u0131la\u015fmalar: Postmodern ve Dini S\u00f6ylem&#8221; ba\u015fl\u0131kl\u0131 konu\u015fmas\u0131nda, postmodern d\u00fc\u015f\u00fcncenin dini s\u00f6ylemleri hem bi\u00e7imsel hem de i\u00e7eriksel olarak nas\u0131l yeniden \u015fekillendirdi\u011fini anlatt\u0131. D\u00fczg\u00fcn, modern ve postmodern paradigmalarda dinin toplumsal me\u015fruiyet alan\u0131n\u0131n de\u011fi\u015fimini ele alarak, bireysel inan\u00e7 \u00f6zg\u00fcrl\u00fckleri, \u00e7o\u011fulculuk ve dini kimliklerin d\u00f6n\u00fc\u015f\u00fcm\u00fcne ili\u015fkin de\u011ferlendirmelerde bulundu. A\u00e7\u0131l\u0131\u015f konferans\u0131n\u0131n ard\u0131ndan sempozyumun oturumlar\u0131na ge\u00e7ildi.<br \/>\n<br \/>Biri de\u011ferlendirme oturumu olmak \u00fczere be\u015f oturumda toplam 12 bildirinin sunuldu\u011fu sempozyum, 26 Ekim\u2019de K\u00fctahya\u2019n\u0131n tarihi ve turistik mek\u00e2nlar\u0131n\u0131 kapsayan gezi program\u0131yla tamamlanacak.<br \/><\/p>\n","protected":false},"excerpt":{"rendered":"<p>K\u00fctahya Dumlup\u0131nar \u00dcniversitesi\u2019nde (DP\u00dc), &#8220;Postmodernizm, Toplumsal De\u011fi\u015fim ve Din&#8221; ba\u015fl\u0131kl\u0131 sempozyum i\u00e7in a\u00e7\u0131l\u0131\u015f oturumu ger\u00e7ekle\u015ftirildi. K\u00fctahya Dumlup\u0131nar \u00dcniversitesi \u0130lahiyat Fak\u00fcltesi Konferans Salonu\u2019nda, \u0130lahiyat Fak\u00fcltesi \u0130slam Medeniyeti Uygulama ve Ara\u015ft\u0131rma Merkezi ve \u0130slami \u0130limler Ara\u015ft\u0131rma Vakf\u0131 i\u015f birli\u011fiyle d\u00fczenlenen sempozyuma Rekt\u00f6r Prof. Dr. S\u00fcleyman K\u0131z\u0131ltoprak, Rekt\u00f6r Yard\u0131mc\u0131s\u0131 ve \u0130lahiyat Fak\u00fcltesi Dekan\u0131 Prof. Dr. \u0130smail Yal\u00e7\u0131n, \u0130slami&#8230;<\/p>\n","protected":false},"author":1,"featured_media":63910,"comment_status":"open","ping_status":"open","sticky":false,"template":"","format":"standard","meta":{"_crdt_document":"","footnotes":""},"categories":[1],"tags":[],"class_list":["post-63909","post","type-post","status-publish","format-standard","has-post-thumbnail","hentry","category-guncel"],"_links":{"self":[{"href":"https:\/\/www.egemtv.com\/index.php?rest_route=\/wp\/v2\/posts\/63909","targetHints":{"allow":["GET"]}}],"collection":[{"href":"https:\/\/www.egemtv.com\/index.php?rest_route=\/wp\/v2\/posts"}],"about":[{"href":"https:\/\/www.egemtv.com\/index.php?rest_route=\/wp\/v2\/types\/post"}],"author":[{"embeddable":true,"href":"https:\/\/www.egemtv.com\/index.php?rest_route=\/wp\/v2\/users\/1"}],"replies":[{"embeddable":true,"href":"https:\/\/www.egemtv.com\/index.php?rest_route=%2Fwp%2Fv2%2Fcomments&post=63909"}],"version-history":[{"count":1,"href":"https:\/\/www.egemtv.com\/index.php?rest_route=\/wp\/v2\/posts\/63909\/revisions"}],"predecessor-version":[{"id":63911,"href":"https:\/\/www.egemtv.com\/index.php?rest_route=\/wp\/v2\/posts\/63909\/revisions\/63911"}],"wp:featuredmedia":[{"embeddable":true,"href":"https:\/\/www.egemtv.com\/index.php?rest_route=\/wp\/v2\/media\/63910"}],"wp:attachment":[{"href":"https:\/\/www.egemtv.com\/index.php?rest_route=%2Fwp%2Fv2%2Fmedia&parent=63909"}],"wp:term":[{"taxonomy":"category","embeddable":true,"href":"https:\/\/www.egemtv.com\/index.php?rest_route=%2Fwp%2Fv2%2Fcategories&post=63909"},{"taxonomy":"post_tag","embeddable":true,"href":"https:\/\/www.egemtv.com\/index.php?rest_route=%2Fwp%2Fv2%2Ftags&post=63909"}],"curies":[{"name":"wp","href":"https:\/\/api.w.org\/{rel}","templated":true}]}}