{"id":63906,"date":"2025-10-26T13:36:16","date_gmt":"2025-10-26T10:36:16","guid":{"rendered":"https:\/\/www.egemtv.com\/?p=63906"},"modified":"2025-10-26T13:36:17","modified_gmt":"2025-10-26T10:36:17","slug":"bodrum-kai-derden-igdir-fkya-nezaket-ziyareti","status":"publish","type":"post","link":"https:\/\/www.egemtv.com\/?p=63906","title":{"rendered":"Bodrum Kai-Der\u2019den, I\u011fd\u0131r FK\u2019ya nezaket ziyareti"},"content":{"rendered":"<p>Bodrum Kai-Der (Kars Ardahan I\u011fd\u0131r Yard\u0131mla\u015fma ve Dayan\u0131\u015fma Derne\u011fi) Ba\u015fkan\u0131 Avukat Kadir Da\u011fl\u0131, Ba\u015fkan Vekili ve ayn\u0131 zamanda Bodrum FK Y\u00f6netim Kurulu \u00dcyesi Caner Tuna ile y\u00f6netim kurulu \u00fcyeleri Azat Erol Ata\u015f ve Tan Erdo\u011fan, I\u011fd\u0131r FK y\u00f6neticileri, teknik ekip ve futbolcular\u0131n\u0131 konaklad\u0131klar\u0131 tesiste ziyaret etti.<br \/>\n<br \/>Trendyol 1. Lig\u2019de Bodrum FK ile I\u011fd\u0131r FK aras\u0131nda oynanacak kar\u015f\u0131la\u015fma \u00f6ncesinde ger\u00e7ekle\u015fen ziyarette, Kai-Der heyeti I\u011fd\u0131r FK kafilesine ba\u015far\u0131 dileklerini ileterek dernek ad\u0131na haz\u0131rlanan nezaket plaketini takdim etti.<br \/>\n<br \/>Ziyaret s\u0131ras\u0131nda iki kul\u00fcp aras\u0131nda dostane bir atmosfer ya\u015fan\u0131rken, Kai-Der Ba\u015fkan\u0131 Av. Kadir Da\u011fl\u0131, &#8220;Yar\u0131nki ma\u00e7ta kazanan\u0131n dostluk ve karde\u015flik olmas\u0131n\u0131 diliyoruz&#8221; ifadelerini kulland\u0131.<br \/>\n<br \/>Dernek y\u00f6netimi, her iki tak\u0131m\u0131n da centilmence m\u00fccadele edece\u011fine inand\u0131klar\u0131n\u0131 belirterek, kar\u015f\u0131la\u015fman\u0131n dostluk i\u00e7inde ge\u00e7mesini temenni etti.<br \/><\/p>\n","protected":false},"excerpt":{"rendered":"<p>Bodrum Kai-Der (Kars Ardahan I\u011fd\u0131r Yard\u0131mla\u015fma ve Dayan\u0131\u015fma Derne\u011fi) Ba\u015fkan\u0131 Avukat Kadir Da\u011fl\u0131, Ba\u015fkan Vekili ve ayn\u0131 zamanda Bodrum FK Y\u00f6netim Kurulu \u00dcyesi Caner Tuna ile y\u00f6netim kurulu \u00fcyeleri Azat Erol Ata\u015f ve Tan Erdo\u011fan, I\u011fd\u0131r FK y\u00f6neticileri, teknik ekip ve futbolcular\u0131n\u0131 konaklad\u0131klar\u0131 tesiste ziyaret etti. Trendyol 1. Lig\u2019de Bodrum FK ile I\u011fd\u0131r FK aras\u0131nda&#8230;<\/p>\n","protected":false},"author":1,"featured_media":63907,"comment_status":"open","ping_status":"open","sticky":false,"template":"","format":"standard","meta":{"_crdt_document":"","footnotes":""},"categories":[4],"tags":[],"class_list":["post-63906","post","type-post","status-publish","format-standard","has-post-thumbnail","hentry","category-spor"],"_links":{"self":[{"href":"https:\/\/www.egemtv.com\/index.php?rest_route=\/wp\/v2\/posts\/63906","targetHints":{"allow":["GET"]}}],"collection":[{"href":"https:\/\/www.egemtv.com\/index.php?rest_route=\/wp\/v2\/posts"}],"about":[{"href":"https:\/\/www.egemtv.com\/index.php?rest_route=\/wp\/v2\/types\/post"}],"author":[{"embeddable":true,"href":"https:\/\/www.egemtv.com\/index.php?rest_route=\/wp\/v2\/users\/1"}],"replies":[{"embeddable":true,"href":"https:\/\/www.egemtv.com\/index.php?rest_route=%2Fwp%2Fv2%2Fcomments&post=63906"}],"version-history":[{"count":1,"href":"https:\/\/www.egemtv.com\/index.php?rest_route=\/wp\/v2\/posts\/63906\/revisions"}],"predecessor-version":[{"id":63908,"href":"https:\/\/www.egemtv.com\/index.php?rest_route=\/wp\/v2\/posts\/63906\/revisions\/63908"}],"wp:featuredmedia":[{"embeddable":true,"href":"https:\/\/www.egemtv.com\/index.php?rest_route=\/wp\/v2\/media\/63907"}],"wp:attachment":[{"href":"https:\/\/www.egemtv.com\/index.php?rest_route=%2Fwp%2Fv2%2Fmedia&parent=63906"}],"wp:term":[{"taxonomy":"category","embeddable":true,"href":"https:\/\/www.egemtv.com\/index.php?rest_route=%2Fwp%2Fv2%2Fcategories&post=63906"},{"taxonomy":"post_tag","embeddable":true,"href":"https:\/\/www.egemtv.com\/index.php?rest_route=%2Fwp%2Fv2%2Ftags&post=63906"}],"curies":[{"name":"wp","href":"https:\/\/api.w.org\/{rel}","templated":true}]}}