{"id":63900,"date":"2025-10-26T13:36:02","date_gmt":"2025-10-26T10:36:02","guid":{"rendered":"https:\/\/www.egemtv.com\/?p=63900"},"modified":"2025-10-26T13:36:08","modified_gmt":"2025-10-26T10:36:08","slug":"ortacada-umre-yolcularina-seminer","status":"publish","type":"post","link":"https:\/\/www.egemtv.com\/?p=63900","title":{"rendered":"Ortaca\u2019da umre yolcular\u0131na seminer"},"content":{"rendered":"<p>Mu\u011fla\u2019n\u0131n Ortaca \u0130l\u00e7e M\u00fcft\u00fcl\u00fc\u011f\u00fc taraf\u0131ndan, kutsal topraklara gidecek umre yolcular\u0131na y\u00f6nelik &#8220;Umre E\u011fitim Semineri&#8221; d\u00fczenlendi.<\/p>\n<p>Diyanet \u0130\u015fleri Ba\u015fkanl\u0131\u011f\u0131 organizasyonu ile umre ibadetini yerine getirmek \u00fczere Ortaca\u2019dan kutsal topraklara gidecek vatanda\u015flar, Kurs Camii Konferans Salonu\u2019nda ger\u00e7ekle\u015ftirilen seminere kat\u0131ld\u0131. Ar\u0131kba\u015f\u0131 Camii \u0130mam Hatibi Ramazan G\u00fcm\u00fc\u015f\u2019\u00fcn rehberli\u011finde d\u00fczenlenen programda toplam 34 umreci yer ald\u0131.<\/p>\n<p>Seminerin a\u00e7\u0131l\u0131\u015f\u0131nda \u0130l\u00e7e Vaizi Ahmet Ali Kurt, &#8220;Umre Yolculu\u011fundan \u00d6nce Maddi ve Manevi Haz\u0131rl\u0131k&#8221; ile &#8220;Bir Arada Ya\u015fama Bilinci&#8221; konular\u0131nda bilgilendirmede bulundu.<\/p>\n<p>\u0130l\u00e7e M\u00fcft\u00fcs\u00fc Mahmut At\u0131c\u0131, &#8220;Umre Menasiki, G\u00f6revleri ve Hikmetleri&#8221; ba\u015fl\u0131kl\u0131 sunumunda umrenin manevi y\u00f6n\u00fcne dikkat \u00e7ekerek \u015funlar\u0131 s\u00f6yledi; &#8220;B\u00fct\u00fcn ibadetlerde oldu\u011fu gibi umrede de ilk \u015fart Allah r\u0131zas\u0131d\u0131r. Sab\u0131r ve sebatla yap\u0131lan ibadet, ancak Allah\u2019\u0131n ho\u015fnutlu\u011funu kazanmaya vesile olur. Rabbim yapaca\u011f\u0131n\u0131z umre ibadetini kabul eylesin&#8221;<\/p>\n<p>Program\u0131n devam\u0131nda \u0130l\u00e7e Vaizi Fatma Zehra Uluer, kad\u0131nlara y\u00f6nelik olarak &#8220;Kad\u0131nlara \u00d6zg\u00fc Konular&#8221; ba\u015fl\u0131kl\u0131 sunum yapt\u0131. Seminer, \u0130l\u00e7e Sa\u011fl\u0131k M\u00fcd\u00fcrl\u00fc\u011f\u00fc g\u00f6revlilerinin MERS-COV vir\u00fcs\u00fc ve menenjit a\u015f\u0131s\u0131 hakk\u0131nda bilgilendirmesiyle sona erdi.<br \/><\/p>\n","protected":false},"excerpt":{"rendered":"<p>Mu\u011fla\u2019n\u0131n Ortaca \u0130l\u00e7e M\u00fcft\u00fcl\u00fc\u011f\u00fc taraf\u0131ndan, kutsal topraklara gidecek umre yolcular\u0131na y\u00f6nelik &#8220;Umre E\u011fitim Semineri&#8221; d\u00fczenlendi. Diyanet \u0130\u015fleri Ba\u015fkanl\u0131\u011f\u0131 organizasyonu ile umre ibadetini yerine getirmek \u00fczere Ortaca\u2019dan kutsal topraklara gidecek vatanda\u015flar, Kurs Camii Konferans Salonu\u2019nda ger\u00e7ekle\u015ftirilen seminere kat\u0131ld\u0131. Ar\u0131kba\u015f\u0131 Camii \u0130mam Hatibi Ramazan G\u00fcm\u00fc\u015f\u2019\u00fcn rehberli\u011finde d\u00fczenlenen programda toplam 34 umreci yer ald\u0131. Seminerin a\u00e7\u0131l\u0131\u015f\u0131nda \u0130l\u00e7e Vaizi&#8230;<\/p>\n","protected":false},"author":1,"featured_media":63901,"comment_status":"open","ping_status":"open","sticky":false,"template":"","format":"standard","meta":{"_crdt_document":"","footnotes":""},"categories":[1],"tags":[],"class_list":["post-63900","post","type-post","status-publish","format-standard","has-post-thumbnail","hentry","category-guncel"],"_links":{"self":[{"href":"https:\/\/www.egemtv.com\/index.php?rest_route=\/wp\/v2\/posts\/63900","targetHints":{"allow":["GET"]}}],"collection":[{"href":"https:\/\/www.egemtv.com\/index.php?rest_route=\/wp\/v2\/posts"}],"about":[{"href":"https:\/\/www.egemtv.com\/index.php?rest_route=\/wp\/v2\/types\/post"}],"author":[{"embeddable":true,"href":"https:\/\/www.egemtv.com\/index.php?rest_route=\/wp\/v2\/users\/1"}],"replies":[{"embeddable":true,"href":"https:\/\/www.egemtv.com\/index.php?rest_route=%2Fwp%2Fv2%2Fcomments&post=63900"}],"version-history":[{"count":1,"href":"https:\/\/www.egemtv.com\/index.php?rest_route=\/wp\/v2\/posts\/63900\/revisions"}],"predecessor-version":[{"id":63902,"href":"https:\/\/www.egemtv.com\/index.php?rest_route=\/wp\/v2\/posts\/63900\/revisions\/63902"}],"wp:featuredmedia":[{"embeddable":true,"href":"https:\/\/www.egemtv.com\/index.php?rest_route=\/wp\/v2\/media\/63901"}],"wp:attachment":[{"href":"https:\/\/www.egemtv.com\/index.php?rest_route=%2Fwp%2Fv2%2Fmedia&parent=63900"}],"wp:term":[{"taxonomy":"category","embeddable":true,"href":"https:\/\/www.egemtv.com\/index.php?rest_route=%2Fwp%2Fv2%2Fcategories&post=63900"},{"taxonomy":"post_tag","embeddable":true,"href":"https:\/\/www.egemtv.com\/index.php?rest_route=%2Fwp%2Fv2%2Ftags&post=63900"}],"curies":[{"name":"wp","href":"https:\/\/api.w.org\/{rel}","templated":true}]}}