{"id":63897,"date":"2025-10-26T13:15:02","date_gmt":"2025-10-26T10:15:02","guid":{"rendered":"https:\/\/www.egemtv.com\/?p=63897"},"modified":"2025-10-26T13:15:04","modified_gmt":"2025-10-26T10:15:04","slug":"kusadasi-belediye-baskani-gunelden-basin-mensuplarina-yapilan-saldiriya-tepki","status":"publish","type":"post","link":"https:\/\/www.egemtv.com\/?p=63897","title":{"rendered":"Ku\u015fadas\u0131 Belediye Ba\u015fkan\u0131 G\u00fcnel\u2019den bas\u0131n mensuplar\u0131na yap\u0131lan sald\u0131r\u0131ya tepki"},"content":{"rendered":"<p>Ku\u015fadas\u0131 Belediye Ba\u015fkan\u0131 \u00d6mer G\u00fcnel, Ayd\u0131n\u2019\u0131n Efeler il\u00e7esi Kalfak\u00f6y Mahallesi\u2019nde haber takibi yapan gazetecilerin sald\u0131r\u0131ya u\u011fray\u0131p, darp edilmesine sert tepki g\u00f6sterdi. Gazetecili\u011fin toplumun do\u011fru bilgiye ula\u015fmas\u0131 i\u00e7in mesai saati g\u00f6zetmeden yap\u0131lan bir meslek oldu\u011funu belirten Ba\u015fkan \u00d6mer G\u00fcnel, &#8220;Ya\u015fanan olay yaln\u0131zca bas\u0131n \u00e7al\u0131\u015fanlar\u0131na de\u011fil, demokrasiye ve ifade \u00f6zg\u00fcrl\u00fc\u011f\u00fcne yap\u0131lm\u0131\u015f bir sald\u0131r\u0131d\u0131r&#8221; dedi.<\/p>\n<p>Ku\u015fadas\u0131 Belediye Ba\u015fkan\u0131 \u00d6mer G\u00fcnel a\u00e7\u0131klamas\u0131nda; &#8220;Efeler il\u00e7esi Kalfak\u00f6y Mahallesi\u2019nde haber takibi yapan d\u00f6rt gazeteci arkada\u015f\u0131m\u0131z\u0131n sald\u0131r\u0131ya u\u011frad\u0131\u011f\u0131n\u0131 derin bir \u00fcz\u00fcnt\u00fcyle \u00f6\u011frenmi\u015f bulunuyorum. Kamuoyunu bilgilendirmek amac\u0131yla g\u00f6rev yapan bas\u0131n mensuplar\u0131n\u0131n bu \u015fekilde \u015fiddete maruz kalmas\u0131, asla kabul edilemez. Gazetecilik, toplumun do\u011fru bilgiye ula\u015fmas\u0131 i\u00e7in gece g\u00fcnd\u00fcz demeden y\u00fcr\u00fct\u00fclen kutsal bir meslektir. Bu mesle\u011fi icra eden hi\u00e7bir gazeteci, g\u00f6revini yaparken korku, tehdit ya da fiziksel sald\u0131r\u0131 riskiyle kar\u015f\u0131 kar\u015f\u0131ya kalmamal\u0131d\u0131r. Ya\u015fanan olay, yaln\u0131zca bas\u0131n \u00e7al\u0131\u015fanlar\u0131na de\u011fil, demokrasiye ve ifade \u00f6zg\u00fcrl\u00fc\u011f\u00fcne yap\u0131lm\u0131\u015f bir sald\u0131r\u0131d\u0131r. Bu nedenle, olaya kar\u0131\u015fanlar\u0131n s\u00fcratle tespit edilerek adalet \u00f6n\u00fcne \u00e7\u0131kar\u0131lmas\u0131 en temel beklentimizdir. Ku\u015fadas\u0131 Belediyesi olarak, bas\u0131n \u00f6zg\u00fcrl\u00fc\u011f\u00fcn\u00fc savunmay\u0131 ve gazetecilerin yan\u0131nda olmay\u0131 ilkesel bir duru\u015f olarak g\u00f6r\u00fcyoruz. Haber emek\u00e7ilerine ge\u00e7mi\u015f olsun dileklerimi iletiyor, benzer olaylar\u0131n bir daha ya\u015fanmamas\u0131 i\u00e7in t\u00fcm yetkili kurumlar\u0131 sorumluluklar\u0131n\u0131 yerine getirmeye \u00e7a\u011f\u0131r\u0131yorum&#8221; ifadelerine yer verdi.<br \/><\/p>\n","protected":false},"excerpt":{"rendered":"<p>Ku\u015fadas\u0131 Belediye Ba\u015fkan\u0131 \u00d6mer G\u00fcnel, Ayd\u0131n\u2019\u0131n Efeler il\u00e7esi Kalfak\u00f6y Mahallesi\u2019nde haber takibi yapan gazetecilerin sald\u0131r\u0131ya u\u011fray\u0131p, darp edilmesine sert tepki g\u00f6sterdi. Gazetecili\u011fin toplumun do\u011fru bilgiye ula\u015fmas\u0131 i\u00e7in mesai saati g\u00f6zetmeden yap\u0131lan bir meslek oldu\u011funu belirten Ba\u015fkan \u00d6mer G\u00fcnel, &#8220;Ya\u015fanan olay yaln\u0131zca bas\u0131n \u00e7al\u0131\u015fanlar\u0131na de\u011fil, demokrasiye ve ifade \u00f6zg\u00fcrl\u00fc\u011f\u00fcne yap\u0131lm\u0131\u015f bir sald\u0131r\u0131d\u0131r&#8221; dedi. Ku\u015fadas\u0131 Belediye Ba\u015fkan\u0131&#8230;<\/p>\n","protected":false},"author":1,"featured_media":63898,"comment_status":"open","ping_status":"open","sticky":false,"template":"","format":"standard","meta":{"_crdt_document":"","footnotes":""},"categories":[127],"tags":[],"class_list":["post-63897","post","type-post","status-publish","format-standard","has-post-thumbnail","hentry","category-siyaset"],"_links":{"self":[{"href":"https:\/\/www.egemtv.com\/index.php?rest_route=\/wp\/v2\/posts\/63897","targetHints":{"allow":["GET"]}}],"collection":[{"href":"https:\/\/www.egemtv.com\/index.php?rest_route=\/wp\/v2\/posts"}],"about":[{"href":"https:\/\/www.egemtv.com\/index.php?rest_route=\/wp\/v2\/types\/post"}],"author":[{"embeddable":true,"href":"https:\/\/www.egemtv.com\/index.php?rest_route=\/wp\/v2\/users\/1"}],"replies":[{"embeddable":true,"href":"https:\/\/www.egemtv.com\/index.php?rest_route=%2Fwp%2Fv2%2Fcomments&post=63897"}],"version-history":[{"count":1,"href":"https:\/\/www.egemtv.com\/index.php?rest_route=\/wp\/v2\/posts\/63897\/revisions"}],"predecessor-version":[{"id":63899,"href":"https:\/\/www.egemtv.com\/index.php?rest_route=\/wp\/v2\/posts\/63897\/revisions\/63899"}],"wp:featuredmedia":[{"embeddable":true,"href":"https:\/\/www.egemtv.com\/index.php?rest_route=\/wp\/v2\/media\/63898"}],"wp:attachment":[{"href":"https:\/\/www.egemtv.com\/index.php?rest_route=%2Fwp%2Fv2%2Fmedia&parent=63897"}],"wp:term":[{"taxonomy":"category","embeddable":true,"href":"https:\/\/www.egemtv.com\/index.php?rest_route=%2Fwp%2Fv2%2Fcategories&post=63897"},{"taxonomy":"post_tag","embeddable":true,"href":"https:\/\/www.egemtv.com\/index.php?rest_route=%2Fwp%2Fv2%2Ftags&post=63897"}],"curies":[{"name":"wp","href":"https:\/\/api.w.org\/{rel}","templated":true}]}}