{"id":63894,"date":"2025-10-26T13:14:56","date_gmt":"2025-10-26T10:14:56","guid":{"rendered":"https:\/\/www.egemtv.com\/?p=63894"},"modified":"2025-10-26T13:14:59","modified_gmt":"2025-10-26T10:14:59","slug":"girme-baraji-su-tutmaya-basladi","status":"publish","type":"post","link":"https:\/\/www.egemtv.com\/?p=63894","title":{"rendered":"Girme Baraj\u0131 su tutmaya ba\u015flad\u0131"},"content":{"rendered":"<p>Tar\u0131m ve Orman Bakanl\u0131\u011f\u0131 taraf\u0131ndan Yata\u011fan il\u00e7esi s\u0131n\u0131rlar\u0131nda sulama ama\u00e7l\u0131 yap\u0131lan Girme Baraj\u0131 su tutmaya ba\u015flad\u0131. Tar\u0131m ve Orman Bakan\u0131 \u0130brahim Yumakl\u0131 sosyal medya hesab\u0131ndan yapt\u0131\u011f\u0131 a\u00e7\u0131klamada, Girme Baraj\u0131n\u0131n 12,7 milyon metrek\u00fcp su depolama kapasitesiyle 21 bin 500 dekar verimli tar\u0131m arazisine hayat verece\u011fini a\u00e7\u0131klad\u0131.<br \/>\n<br \/>Temelden 71 bu\u00e7uk metre y\u00fcksekli\u011fe sahip Yata\u011fan Girme Baraj\u0131 ve sulama in\u015faat\u0131nda son ya\u011f\u0131\u015flardan sonra su tutmaya ba\u015flad\u0131. Yata\u011fan il\u00e7esinde yer alan Girme Deresi \u00fczerine in\u015fa edilen baraj\u0131n g\u00f6vdesi i\u00e7in 700 bin metrek\u00fcp g\u00f6vde dolgusu yap\u0131ld\u0131. \u00d6n y\u00fcz\u00fc beton kapl\u0131 kaya dolgu tipinde projelendirilen Girme Baraj\u0131\u2019nda 12.7 milyon metrek\u00fcp su depolanacak.<br \/>\n<br \/>Girme Baraj\u0131 ile sulama projesi \u00e7al\u0131\u015fmalar\u0131 baraj ile birlikte e\u015f zamanl\u0131 olarak y\u00fcr\u00fct\u00fcl\u00fcrken, sulama \u015febekesi i\u00e7in gerekli olan 65 bin metre uzunlu\u011fundaki sulama borusunun montaj \u00e7al\u0131\u015fmalar\u0131 tamamland\u0131. Girme Ovas\u0131nda bulunan 21 bin 510 dekar araziye can suyu olacak.<br \/>\n<br \/>Tar\u0131m ve Orman Bakan\u0131 \u0130brahim Yumakl\u0131, Girme Baraj\u0131 ile ilgili yapt\u0131\u011f\u0131 sosyal medya payla\u015f\u0131m\u0131nda, &#8220;Mu\u011fla Girme Baraj\u0131, b\u00f6lge tar\u0131m\u0131na can suyu oluyor. 12,7 milyon metrek\u00fcp su depolama kapasitesiyle 21 bin 500 dekar verimli tar\u0131m arazisine hayat verecek, 87 bin metre uzunlu\u011fundaki sulama hatt\u0131 sayesinde toprak bereketle bulu\u015facak. 1,8 milyar lira b\u00fct\u00e7eyle hayata ge\u00e7ecek bu tesis, \u00fclke ekonomimize y\u0131ll\u0131k 470 milyon lira katk\u0131 sa\u011flayacak&#8221; dedi.<br \/><\/p>\n","protected":false},"excerpt":{"rendered":"<p>Tar\u0131m ve Orman Bakanl\u0131\u011f\u0131 taraf\u0131ndan Yata\u011fan il\u00e7esi s\u0131n\u0131rlar\u0131nda sulama ama\u00e7l\u0131 yap\u0131lan Girme Baraj\u0131 su tutmaya ba\u015flad\u0131. Tar\u0131m ve Orman Bakan\u0131 \u0130brahim Yumakl\u0131 sosyal medya hesab\u0131ndan yapt\u0131\u011f\u0131 a\u00e7\u0131klamada, Girme Baraj\u0131n\u0131n 12,7 milyon metrek\u00fcp su depolama kapasitesiyle 21 bin 500 dekar verimli tar\u0131m arazisine hayat verece\u011fini a\u00e7\u0131klad\u0131. Temelden 71 bu\u00e7uk metre y\u00fcksekli\u011fe sahip Yata\u011fan Girme Baraj\u0131 ve&#8230;<\/p>\n","protected":false},"author":1,"featured_media":63895,"comment_status":"open","ping_status":"open","sticky":false,"template":"","format":"standard","meta":{"_crdt_document":"","footnotes":""},"categories":[125],"tags":[],"class_list":["post-63894","post","type-post","status-publish","format-standard","has-post-thumbnail","hentry","category-ekonomi"],"_links":{"self":[{"href":"https:\/\/www.egemtv.com\/index.php?rest_route=\/wp\/v2\/posts\/63894","targetHints":{"allow":["GET"]}}],"collection":[{"href":"https:\/\/www.egemtv.com\/index.php?rest_route=\/wp\/v2\/posts"}],"about":[{"href":"https:\/\/www.egemtv.com\/index.php?rest_route=\/wp\/v2\/types\/post"}],"author":[{"embeddable":true,"href":"https:\/\/www.egemtv.com\/index.php?rest_route=\/wp\/v2\/users\/1"}],"replies":[{"embeddable":true,"href":"https:\/\/www.egemtv.com\/index.php?rest_route=%2Fwp%2Fv2%2Fcomments&post=63894"}],"version-history":[{"count":1,"href":"https:\/\/www.egemtv.com\/index.php?rest_route=\/wp\/v2\/posts\/63894\/revisions"}],"predecessor-version":[{"id":63896,"href":"https:\/\/www.egemtv.com\/index.php?rest_route=\/wp\/v2\/posts\/63894\/revisions\/63896"}],"wp:featuredmedia":[{"embeddable":true,"href":"https:\/\/www.egemtv.com\/index.php?rest_route=\/wp\/v2\/media\/63895"}],"wp:attachment":[{"href":"https:\/\/www.egemtv.com\/index.php?rest_route=%2Fwp%2Fv2%2Fmedia&parent=63894"}],"wp:term":[{"taxonomy":"category","embeddable":true,"href":"https:\/\/www.egemtv.com\/index.php?rest_route=%2Fwp%2Fv2%2Fcategories&post=63894"},{"taxonomy":"post_tag","embeddable":true,"href":"https:\/\/www.egemtv.com\/index.php?rest_route=%2Fwp%2Fv2%2Ftags&post=63894"}],"curies":[{"name":"wp","href":"https:\/\/api.w.org\/{rel}","templated":true}]}}