{"id":63891,"date":"2025-10-26T12:54:51","date_gmt":"2025-10-26T09:54:51","guid":{"rendered":"https:\/\/www.egemtv.com\/?p=63891"},"modified":"2025-10-26T12:54:54","modified_gmt":"2025-10-26T09:54:54","slug":"manisanin-9-aylik-tarim-ihracati-7067-milyon-dolara-ulasti","status":"publish","type":"post","link":"https:\/\/www.egemtv.com\/?p=63891","title":{"rendered":"Manisa\u2019n\u0131n 9 ayl\u0131k tar\u0131m ihracat\u0131 706,7 milyon dolara ula\u015ft\u0131"},"content":{"rendered":"<p>T\u00fcrkiye\u2019nin en \u00f6nemli tar\u0131m kentlerinden biri olan Manisa\u2019da, 2025 y\u0131l\u0131n\u0131n ilk 9 ay\u0131nda tar\u0131m ihracat\u0131 706 milyon 707 bin dolara ula\u015ft\u0131. \u015eehrin ihracat performans\u0131nda \u00f6zellikle t\u00fct\u00fcn, meyve-sebze mamulleri ve hububat sekt\u00f6rlerinde ya\u015fanan art\u0131\u015f y\u00fczleri g\u00fcld\u00fcrd\u00fc.<br \/>\n<br \/>Sanayi ve tar\u0131msal \u00fcretimin g\u00fc\u00e7l\u00fc oldu\u011fu, T\u00fcrkiye\u2019nin en geli\u015fmi\u015f organize sanayi b\u00f6lgelerine sahip \u015fehzadeler \u015fehri Manisa, tar\u0131mda da ihracat g\u00fcc\u00fcn\u00fc art\u0131rmaya devam ediyor. Sultani \u00e7ekirdeksiz \u00fcz\u00fcm, sofral\u0131k zeytin, zeytinya\u011f\u0131, t\u00fct\u00fcn, kanatl\u0131 eti, yumurta, bitkisel ya\u011f ve meyve-sebze mamulleri gibi \u00fcr\u00fcnleriyle \u00f6ne \u00e7\u0131kan Manisa, eyl\u00fcl ay\u0131nda 91 milyon 223 bin dolarl\u0131k, 2025 y\u0131l\u0131n\u0131n ocak-eyl\u00fcl d\u00f6neminde ise 706 milyon 707 bin dolarl\u0131k tar\u0131m ihracat\u0131na imza att\u0131.<br \/>\n<br \/>Manisa\u2019n\u0131n toplam ihracat\u0131 9 ayda 3 milyar 816 milyon dolara ula\u015f\u0131rken, bunun y\u00fczde 18,5\u2019i tar\u0131m sekt\u00f6r\u00fcnden elde edildi. Manisa, 2024 y\u0131l\u0131n\u0131n ayn\u0131 d\u00f6nemine g\u00f6re ihracat\u0131n\u0131 10 milyon dolar art\u0131rmay\u0131 ba\u015fard\u0131.<\/p>\n<p>T\u00fct\u00fcn ihracat\u0131 y\u00fckseli\u015fte<br \/>\n<br \/>Manisa\u2019da tar\u0131m sekt\u00f6r\u00fcndeki en fazla ihracat art\u0131\u015f\u0131 t\u00fct\u00fcn sekt\u00f6r\u00fcnde ger\u00e7ekle\u015fti. Eyl\u00fcl ay\u0131nda y\u00fczde 29,1 art\u0131\u015fla 8,8 milyon dolardan 11 milyon dolara y\u00fckselen t\u00fct\u00fcn ihracat\u0131, 9 ayl\u0131k d\u00f6nemde y\u00fczde 34,7 artarak 72 milyon dolardan 97 milyon dolara \u00e7\u0131kt\u0131.<\/p>\n<p>Kuru meyve geriledi, meyve-sebze mamulleri artt\u0131<br \/>\n<br \/>Manisa\u2019da en fazla ihracat yap\u0131lan sekt\u00f6r olan kuru meyve mamullerinde ise d\u00fc\u015f\u00fc\u015f s\u00fcrd\u00fc. Eyl\u00fcl ay\u0131nda ihracat y\u00fczde 37,9 azal\u0131\u015fla 40 milyon dolardan 26 milyon dolara, toplamda ise y\u00fczde 16,2 d\u00fc\u015f\u00fc\u015fle 203 milyon dolardan 170 milyon dolara geriledi.<br \/>\n<br \/>Meyve-sebze mamulleri sekt\u00f6r\u00fcnde ise eyl\u00fcl ay\u0131nda y\u00fczde 15,1\u2019lik art\u0131\u015fla 23 milyon dolarl\u0131k, 9 ayl\u0131k d\u00f6nemde ise y\u00fczde 9,6\u2019l\u0131k art\u0131\u015fla 161,7 milyon dolarl\u0131k ihracat ger\u00e7ekle\u015ftirildi.<\/p>\n<p>Hububat ve bakliyatta art\u0131\u015f<br \/>\n<br \/>Hububat, bakliyat, ya\u011fl\u0131 tohumlar ve mamulleri ihracat\u0131 da art\u0131\u015f s\u00fcrd\u00fcren sekt\u00f6rlerin aras\u0131nda yer ald\u0131. Eyl\u00fcl ay\u0131nda y\u00fczde 8,1 artarak 15 milyon dolara, 9 ayl\u0131k toplamda ise y\u00fczde 13,1 art\u0131\u015fla 143,5 milyon dolara y\u00fckseldi.<\/p>\n<p>Zeytin, zeytinya\u011f\u0131 ve hayvansal \u00fcr\u00fcnlerde gerileme<br \/>\n<br \/>Zeytin ve zeytinya\u011f\u0131 ihracat\u0131 eyl\u00fcl ay\u0131nda y\u00fczde 9 d\u00fc\u015f\u00fc\u015fle 4 milyon dolara, 9 ayl\u0131k d\u00f6nemde ise y\u00fczde 5,9 azal\u0131\u015fla 45 milyon dolara geriledi.<br \/>\n<br \/>Su \u00fcr\u00fcnleri ve hayvansal mamullerde de d\u00fc\u015f\u00fc\u015f ya\u015fand\u0131. Eyl\u00fcl ay\u0131nda y\u00fczde 38,3, 9 ayl\u0131k d\u00f6nemde ise y\u00fczde 34,4 azal\u0131\u015f g\u00f6r\u00fcld\u00fc.<\/p>\n<p>Mobilya ve orman \u00fcr\u00fcnlerinde farkl\u0131 seyir<br \/>\n<br \/>Mobilya, ka\u011f\u0131t ve orman \u00fcr\u00fcnleri ihracat\u0131nda eyl\u00fcl ay\u0131nda y\u00fczde 53,3 d\u00fc\u015f\u00fc\u015f ya\u015fan\u0131rken, 9 ayl\u0131k toplamda y\u00fczde 16,8 art\u0131\u015fla 32,6 milyon dolara y\u00fckseldi.<br \/>\n<br \/>S\u00fcs bitkileri ve mamullerinde eyl\u00fcl ay\u0131nda y\u00fczde 33, toplamda ise y\u00fczde 15,1 d\u00fc\u015f\u00fc\u015f kaydedildi.<br \/>\n<br \/>T\u00fcm sekt\u00f6rlerde ya\u015fanan dalgalanmalara ra\u011fmen, Manisa tar\u0131m sekt\u00f6r\u00fc ihracat\u0131na g\u00fc\u00e7l\u00fc katk\u0131 sunmay\u0131 s\u00fcrd\u00fcr\u00fcyor. \u00d6zellikle t\u00fct\u00fcn, meyve-sebze mamulleri ve hububat sekt\u00f6rlerindeki art\u0131\u015f, Manisa\u2019n\u0131n tar\u0131mda istikrarl\u0131 b\u00fcy\u00fcmesine g\u00fc\u00e7 veren sekt\u00f6rler aras\u0131nda dikkat \u00e7ekiyor.<br \/><\/p>\n","protected":false},"excerpt":{"rendered":"<p>T\u00fcrkiye\u2019nin en \u00f6nemli tar\u0131m kentlerinden biri olan Manisa\u2019da, 2025 y\u0131l\u0131n\u0131n ilk 9 ay\u0131nda tar\u0131m ihracat\u0131 706 milyon 707 bin dolara ula\u015ft\u0131. \u015eehrin ihracat performans\u0131nda \u00f6zellikle t\u00fct\u00fcn, meyve-sebze mamulleri ve hububat sekt\u00f6rlerinde ya\u015fanan art\u0131\u015f y\u00fczleri g\u00fcld\u00fcrd\u00fc. Sanayi ve tar\u0131msal \u00fcretimin g\u00fc\u00e7l\u00fc oldu\u011fu, T\u00fcrkiye\u2019nin en geli\u015fmi\u015f organize sanayi b\u00f6lgelerine sahip \u015fehzadeler \u015fehri Manisa, tar\u0131mda da ihracat g\u00fcc\u00fcn\u00fc&#8230;<\/p>\n","protected":false},"author":1,"featured_media":63892,"comment_status":"open","ping_status":"open","sticky":false,"template":"","format":"standard","meta":{"_crdt_document":"","footnotes":""},"categories":[125],"tags":[],"class_list":["post-63891","post","type-post","status-publish","format-standard","has-post-thumbnail","hentry","category-ekonomi"],"_links":{"self":[{"href":"https:\/\/www.egemtv.com\/index.php?rest_route=\/wp\/v2\/posts\/63891","targetHints":{"allow":["GET"]}}],"collection":[{"href":"https:\/\/www.egemtv.com\/index.php?rest_route=\/wp\/v2\/posts"}],"about":[{"href":"https:\/\/www.egemtv.com\/index.php?rest_route=\/wp\/v2\/types\/post"}],"author":[{"embeddable":true,"href":"https:\/\/www.egemtv.com\/index.php?rest_route=\/wp\/v2\/users\/1"}],"replies":[{"embeddable":true,"href":"https:\/\/www.egemtv.com\/index.php?rest_route=%2Fwp%2Fv2%2Fcomments&post=63891"}],"version-history":[{"count":1,"href":"https:\/\/www.egemtv.com\/index.php?rest_route=\/wp\/v2\/posts\/63891\/revisions"}],"predecessor-version":[{"id":63893,"href":"https:\/\/www.egemtv.com\/index.php?rest_route=\/wp\/v2\/posts\/63891\/revisions\/63893"}],"wp:featuredmedia":[{"embeddable":true,"href":"https:\/\/www.egemtv.com\/index.php?rest_route=\/wp\/v2\/media\/63892"}],"wp:attachment":[{"href":"https:\/\/www.egemtv.com\/index.php?rest_route=%2Fwp%2Fv2%2Fmedia&parent=63891"}],"wp:term":[{"taxonomy":"category","embeddable":true,"href":"https:\/\/www.egemtv.com\/index.php?rest_route=%2Fwp%2Fv2%2Fcategories&post=63891"},{"taxonomy":"post_tag","embeddable":true,"href":"https:\/\/www.egemtv.com\/index.php?rest_route=%2Fwp%2Fv2%2Ftags&post=63891"}],"curies":[{"name":"wp","href":"https:\/\/api.w.org\/{rel}","templated":true}]}}