{"id":63888,"date":"2025-10-26T12:36:00","date_gmt":"2025-10-26T09:36:00","guid":{"rendered":"https:\/\/www.egemtv.com\/?p=63888"},"modified":"2025-10-26T12:36:02","modified_gmt":"2025-10-26T09:36:02","slug":"fethiyede-ambulansla-hafif-ticari-arac-carpisti-2-yarali","status":"publish","type":"post","link":"https:\/\/www.egemtv.com\/?p=63888","title":{"rendered":"Fethiye\u2019de ambulansla hafif ticari ara\u00e7 \u00e7arp\u0131\u015ft\u0131: 2 yaral\u0131"},"content":{"rendered":"<p>Mu\u011fla\u2019n\u0131n Fethiye il\u00e7esinde hafif ticari ara\u00e7la ambulans\u0131n \u00e7arp\u0131\u015fmas\u0131 sonucu ara\u00e7taki iki ki\u015fi yaraland\u0131.<br \/>\n<br \/>Kaza, Fethiye-Mu\u011fla kara yolu \u00c7atalar\u0131k I\u015f\u0131kl\u0131 Kav\u015fa\u011f\u0131\u2019nda meydana geldi. Edinilen bilgiye g\u00f6re, Y.A.T. idaresindeki 48 GZ 193 plakal\u0131 hafif ticari ara\u00e7,  hasta ta\u015f\u0131yan 48 AFN 672 plakal\u0131 ambulansla \u00e7arp\u0131\u015ft\u0131. \u00c7evredekilerin durumu 112 Acil \u00c7a\u011fr\u0131 Merkezi\u2019ne bildirmesi \u00fczerine olay yerine sa\u011fl\u0131k ve polis ekipleri sevk edildi. K\u0131sa s\u00fcrede olay yerine gelen sa\u011fl\u0131k ekipleri, kaza yapan ambulanstaki hasta ile di\u011fer ara\u00e7taki 2 yaral\u0131y\u0131 ambulanslarla hastaneye kald\u0131rd\u0131. Hastanede tedavi alt\u0131na al\u0131nan hasta ve yaral\u0131 \u015fah\u0131slar\u0131n durumlar\u0131n\u0131n iyi oldu\u011fu \u00f6\u011frenildi.<br \/>\n<br \/>Olayla ilgili soru\u015fturma s\u00fcr\u00fcyor.<br \/><\/p>\n","protected":false},"excerpt":{"rendered":"<p>Mu\u011fla\u2019n\u0131n Fethiye il\u00e7esinde hafif ticari ara\u00e7la ambulans\u0131n \u00e7arp\u0131\u015fmas\u0131 sonucu ara\u00e7taki iki ki\u015fi yaraland\u0131. Kaza, Fethiye-Mu\u011fla kara yolu \u00c7atalar\u0131k I\u015f\u0131kl\u0131 Kav\u015fa\u011f\u0131\u2019nda meydana geldi. Edinilen bilgiye g\u00f6re, Y.A.T. idaresindeki 48 GZ 193 plakal\u0131 hafif ticari ara\u00e7, hasta ta\u015f\u0131yan 48 AFN 672 plakal\u0131 ambulansla \u00e7arp\u0131\u015ft\u0131. \u00c7evredekilerin durumu 112 Acil \u00c7a\u011fr\u0131 Merkezi\u2019ne bildirmesi \u00fczerine olay yerine sa\u011fl\u0131k ve polis&#8230;<\/p>\n","protected":false},"author":1,"featured_media":63889,"comment_status":"open","ping_status":"open","sticky":false,"template":"","format":"standard","meta":{"_crdt_document":"","footnotes":""},"categories":[5],"tags":[],"class_list":["post-63888","post","type-post","status-publish","format-standard","has-post-thumbnail","hentry","category-asayis"],"_links":{"self":[{"href":"https:\/\/www.egemtv.com\/index.php?rest_route=\/wp\/v2\/posts\/63888","targetHints":{"allow":["GET"]}}],"collection":[{"href":"https:\/\/www.egemtv.com\/index.php?rest_route=\/wp\/v2\/posts"}],"about":[{"href":"https:\/\/www.egemtv.com\/index.php?rest_route=\/wp\/v2\/types\/post"}],"author":[{"embeddable":true,"href":"https:\/\/www.egemtv.com\/index.php?rest_route=\/wp\/v2\/users\/1"}],"replies":[{"embeddable":true,"href":"https:\/\/www.egemtv.com\/index.php?rest_route=%2Fwp%2Fv2%2Fcomments&post=63888"}],"version-history":[{"count":1,"href":"https:\/\/www.egemtv.com\/index.php?rest_route=\/wp\/v2\/posts\/63888\/revisions"}],"predecessor-version":[{"id":63890,"href":"https:\/\/www.egemtv.com\/index.php?rest_route=\/wp\/v2\/posts\/63888\/revisions\/63890"}],"wp:featuredmedia":[{"embeddable":true,"href":"https:\/\/www.egemtv.com\/index.php?rest_route=\/wp\/v2\/media\/63889"}],"wp:attachment":[{"href":"https:\/\/www.egemtv.com\/index.php?rest_route=%2Fwp%2Fv2%2Fmedia&parent=63888"}],"wp:term":[{"taxonomy":"category","embeddable":true,"href":"https:\/\/www.egemtv.com\/index.php?rest_route=%2Fwp%2Fv2%2Fcategories&post=63888"},{"taxonomy":"post_tag","embeddable":true,"href":"https:\/\/www.egemtv.com\/index.php?rest_route=%2Fwp%2Fv2%2Ftags&post=63888"}],"curies":[{"name":"wp","href":"https:\/\/api.w.org\/{rel}","templated":true}]}}