{"id":63882,"date":"2025-10-26T11:35:20","date_gmt":"2025-10-26T08:35:20","guid":{"rendered":"https:\/\/www.egemtv.com\/?p=63882"},"modified":"2025-10-26T11:35:23","modified_gmt":"2025-10-26T08:35:23","slug":"cercioglu-basina-yonelik-siddeti-kabul-etmiyoruz","status":"publish","type":"post","link":"https:\/\/www.egemtv.com\/?p=63882","title":{"rendered":"\u00c7er\u00e7io\u011flu: &#8220;Bas\u0131na y\u00f6nelik \u015fiddeti kabul etmiyoruz&#8221;"},"content":{"rendered":"<p>Ayd\u0131n B\u00fcy\u00fck\u015fehir Belediye Ba\u015fkan\u0131 \u00d6zlem \u00c7er\u00e7io\u011flu, Efeler il\u00e7esi Kalfak\u00f6y Mahallesi\u2019nde g\u00f6revleri ba\u015f\u0131nda sald\u0131r\u0131ya u\u011frayan bas\u0131n mensuplar\u0131na ge\u00e7mi\u015f olsun dileklerini ileterek, bas\u0131na y\u00f6nelik \u015fiddeti k\u0131nad\u0131.<\/p>\n<p>Ayd\u0131n B\u00fcy\u00fck\u015fehir Belediye Ba\u015fkan\u0131 \u00d6zlem \u00c7er\u00e7io\u011flu a\u00e7\u0131klamas\u0131nda bas\u0131n \u00e7al\u0131\u015fanlar\u0131na y\u00f6nelik her t\u00fcrl\u00fc sald\u0131r\u0131n\u0131n sadece ki\u015filere de\u011fil, ayn\u0131 zamanda halk\u0131n haber alma hakk\u0131na da yap\u0131ld\u0131\u011f\u0131n\u0131 belirtti. Kamuoyunu do\u011fru bilgilendirmek i\u00e7in \u00e7aba g\u00f6steren bas\u0131n emek\u00e7ilerinin toplumun vicdan\u0131 oldu\u011funu vurgulayan \u00c7er\u00e7io\u011flu, ger\u00e7ek haberin pe\u015finde olan gazetecilerin susturulamayaca\u011f\u0131n\u0131 ve sindirilemeyece\u011fini ifade etti.<\/p>\n<p>Sald\u0131r\u0131n\u0131n faillerinin adalet \u00f6n\u00fcnde hak ettikleri cezay\u0131 alacaklar\u0131na inand\u0131\u011f\u0131n\u0131 dile getiren \u00c7er\u00e7io\u011flu, &#8220;Bas\u0131na y\u00f6nelik \u015fiddeti kabul etmiyoruz. Efeler il\u00e7emizin Kalfak\u00f6y Mahallesi\u2019nde g\u00f6revini yaparken sald\u0131r\u0131ya u\u011frayan bas\u0131n mensuplar\u0131 arkada\u015flar\u0131m\u0131za ge\u00e7mi\u015f olsun dileklerimi iletiyorum. Kamuoyunu do\u011fru bilgilendirmek i\u00e7in \u00e7al\u0131\u015fan ger\u00e7ek bas\u0131n emek\u00e7ilerine y\u00f6nelik her t\u00fcrl\u00fc sald\u0131r\u0131, yaln\u0131zca ki\u015filere de\u011fil, halk\u0131n haber alma hakk\u0131na yap\u0131lm\u0131\u015f bir sald\u0131r\u0131d\u0131r. Ger\u00e7ek haberin pe\u015finde olan t\u00fcm bas\u0131n mensuplar\u0131, toplumun vicdan\u0131d\u0131r. Onlar, karanl\u0131kta \u0131\u015f\u0131\u011f\u0131 yakand\u0131r; susturulamaz, sindirilemez. Sald\u0131r\u0131n\u0131n faillerinin adalet \u00f6n\u00fcnde gereken cezay\u0131 alaca\u011f\u0131na inan\u0131yor, t\u00fcm bas\u0131n camias\u0131na ge\u00e7mi\u015f olsun dileklerimi sunuyorum&#8221; ifadelerini kulland\u0131.<br \/><\/p>\n","protected":false},"excerpt":{"rendered":"<p>Ayd\u0131n B\u00fcy\u00fck\u015fehir Belediye Ba\u015fkan\u0131 \u00d6zlem \u00c7er\u00e7io\u011flu, Efeler il\u00e7esi Kalfak\u00f6y Mahallesi\u2019nde g\u00f6revleri ba\u015f\u0131nda sald\u0131r\u0131ya u\u011frayan bas\u0131n mensuplar\u0131na ge\u00e7mi\u015f olsun dileklerini ileterek, bas\u0131na y\u00f6nelik \u015fiddeti k\u0131nad\u0131. Ayd\u0131n B\u00fcy\u00fck\u015fehir Belediye Ba\u015fkan\u0131 \u00d6zlem \u00c7er\u00e7io\u011flu a\u00e7\u0131klamas\u0131nda bas\u0131n \u00e7al\u0131\u015fanlar\u0131na y\u00f6nelik her t\u00fcrl\u00fc sald\u0131r\u0131n\u0131n sadece ki\u015filere de\u011fil, ayn\u0131 zamanda halk\u0131n haber alma hakk\u0131na da yap\u0131ld\u0131\u011f\u0131n\u0131 belirtti. Kamuoyunu do\u011fru bilgilendirmek i\u00e7in \u00e7aba g\u00f6steren&#8230;<\/p>\n","protected":false},"author":1,"featured_media":63883,"comment_status":"open","ping_status":"open","sticky":false,"template":"","format":"standard","meta":{"_crdt_document":"","footnotes":""},"categories":[1],"tags":[],"class_list":["post-63882","post","type-post","status-publish","format-standard","has-post-thumbnail","hentry","category-guncel"],"_links":{"self":[{"href":"https:\/\/www.egemtv.com\/index.php?rest_route=\/wp\/v2\/posts\/63882","targetHints":{"allow":["GET"]}}],"collection":[{"href":"https:\/\/www.egemtv.com\/index.php?rest_route=\/wp\/v2\/posts"}],"about":[{"href":"https:\/\/www.egemtv.com\/index.php?rest_route=\/wp\/v2\/types\/post"}],"author":[{"embeddable":true,"href":"https:\/\/www.egemtv.com\/index.php?rest_route=\/wp\/v2\/users\/1"}],"replies":[{"embeddable":true,"href":"https:\/\/www.egemtv.com\/index.php?rest_route=%2Fwp%2Fv2%2Fcomments&post=63882"}],"version-history":[{"count":1,"href":"https:\/\/www.egemtv.com\/index.php?rest_route=\/wp\/v2\/posts\/63882\/revisions"}],"predecessor-version":[{"id":63884,"href":"https:\/\/www.egemtv.com\/index.php?rest_route=\/wp\/v2\/posts\/63882\/revisions\/63884"}],"wp:featuredmedia":[{"embeddable":true,"href":"https:\/\/www.egemtv.com\/index.php?rest_route=\/wp\/v2\/media\/63883"}],"wp:attachment":[{"href":"https:\/\/www.egemtv.com\/index.php?rest_route=%2Fwp%2Fv2%2Fmedia&parent=63882"}],"wp:term":[{"taxonomy":"category","embeddable":true,"href":"https:\/\/www.egemtv.com\/index.php?rest_route=%2Fwp%2Fv2%2Fcategories&post=63882"},{"taxonomy":"post_tag","embeddable":true,"href":"https:\/\/www.egemtv.com\/index.php?rest_route=%2Fwp%2Fv2%2Ftags&post=63882"}],"curies":[{"name":"wp","href":"https:\/\/api.w.org\/{rel}","templated":true}]}}