{"id":63879,"date":"2025-10-26T11:35:10","date_gmt":"2025-10-26T08:35:10","guid":{"rendered":"https:\/\/www.egemtv.com\/?p=63879"},"modified":"2025-10-26T11:35:14","modified_gmt":"2025-10-26T08:35:14","slug":"kutahya-belediyesinden-renkli-etkinlik-cicek-saksiligi-resimleme-yarismasi","status":"publish","type":"post","link":"https:\/\/www.egemtv.com\/?p=63879","title":{"rendered":"K\u00fctahya Belediyesi\u2019nden renkli etkinlik: \u00c7i\u00e7ek Saks\u0131l\u0131\u011f\u0131 Resimleme Yar\u0131\u015fmas\u0131"},"content":{"rendered":"<p>K\u00fctahya Belediyesi taraf\u0131ndan d\u00fczenlenen &#8220;\u00c7i\u00e7ek Saks\u0131l\u0131\u011f\u0131 Resimleme Yar\u0131\u015fmas\u0131&#8221;, belediye bah\u00e7esinde ger\u00e7ekle\u015ftirildi. Etkinlikte, birbirinden yetenekli \u00f6\u011frencilerin resimledi\u011fi saks\u0131 altl\u0131klar\u0131, bah\u00e7eye renk ve canl\u0131l\u0131k katt\u0131.<br \/>\n<br \/>Sanat dolu bir g\u00fcn\u00fcn ya\u015fand\u0131\u011f\u0131 etkinlikte 70 adet saks\u0131 altl\u0131\u011f\u0131, gen\u00e7lerin elinde sanatsal eserlere d\u00f6n\u00fc\u015ft\u00fc. Kat\u0131l\u0131mc\u0131lar, etkinli\u011fe \u00f6nc\u00fcl\u00fck eden K\u00fctahya Belediye Ba\u015fkan\u0131 Ey\u00fcp Kahveci ve belediye ekiplerine te\u015fekk\u00fcr etti.<br \/>\n<br \/>Bir kat\u0131l\u0131mc\u0131 duygular\u0131n\u0131 \u015fu s\u00f6zlerle dile getirdi: &#8220;K\u00fctahya c\u0131v\u0131l c\u0131v\u0131l olacak. Bu \u015fehre sanatsal anlamda dokunmak \u00e7ok g\u00fczel. Gen\u00e7leri bir araya getirip sanatla bulu\u015fturduk. Van Gogh\u2019un stilinden esinlenerek, bahar temal\u0131 sar\u0131 ve mavi tonlarda \u00e7al\u0131\u015fmalar yap\u0131yoruz. Hem \u00e7evremizi g\u00fczelle\u015ftiriyor hem de do\u011fay\u0131 anlatan resimler yap\u0131yoruz.&#8221;<br \/>\n<br \/>Bir ba\u015fka kat\u0131l\u0131mc\u0131 ise K\u00fctahya\u2019n\u0131n k\u00fclt\u00fcrel miras\u0131na dikkat \u00e7ekerek, &#8220;\u00c7ini ve K\u00fctahya\u2019n\u0131n geleneksel karanfil ile lale desenlerini resimlerimize yans\u0131tmak istedik. Bu imk\u00e2n\u0131 bize sundu\u011fu i\u00e7in belediye ba\u015fkan\u0131m\u0131za \u00e7ok te\u015fekk\u00fcr ediyoruz.&#8221;<br \/>\n<br \/>Etkinlikte yap\u0131lan \u00e7al\u0131\u015fmalar, do\u011fa temal\u0131 tasar\u0131mlar\u0131yla dikkat \u00e7ekerken, sanatseverler taraf\u0131ndan da b\u00fcy\u00fck be\u011feni toplad\u0131.<br \/>\n<br \/>K\u00fctahya Belediyesi yetkilileri, benzer etkinliklerle kentin sanatsal y\u00f6n\u00fcn\u00fc g\u00fc\u00e7lendirmeye devam edeceklerini belirtti.<br \/><\/p>\n","protected":false},"excerpt":{"rendered":"<p>K\u00fctahya Belediyesi taraf\u0131ndan d\u00fczenlenen &#8220;\u00c7i\u00e7ek Saks\u0131l\u0131\u011f\u0131 Resimleme Yar\u0131\u015fmas\u0131&#8221;, belediye bah\u00e7esinde ger\u00e7ekle\u015ftirildi. Etkinlikte, birbirinden yetenekli \u00f6\u011frencilerin resimledi\u011fi saks\u0131 altl\u0131klar\u0131, bah\u00e7eye renk ve canl\u0131l\u0131k katt\u0131. Sanat dolu bir g\u00fcn\u00fcn ya\u015fand\u0131\u011f\u0131 etkinlikte 70 adet saks\u0131 altl\u0131\u011f\u0131, gen\u00e7lerin elinde sanatsal eserlere d\u00f6n\u00fc\u015ft\u00fc. Kat\u0131l\u0131mc\u0131lar, etkinli\u011fe \u00f6nc\u00fcl\u00fck eden K\u00fctahya Belediye Ba\u015fkan\u0131 Ey\u00fcp Kahveci ve belediye ekiplerine te\u015fekk\u00fcr etti. Bir kat\u0131l\u0131mc\u0131 duygular\u0131n\u0131&#8230;<\/p>\n","protected":false},"author":1,"featured_media":63880,"comment_status":"open","ping_status":"open","sticky":false,"template":"","format":"standard","meta":{"_crdt_document":"","footnotes":""},"categories":[1],"tags":[],"class_list":["post-63879","post","type-post","status-publish","format-standard","has-post-thumbnail","hentry","category-guncel"],"_links":{"self":[{"href":"https:\/\/www.egemtv.com\/index.php?rest_route=\/wp\/v2\/posts\/63879","targetHints":{"allow":["GET"]}}],"collection":[{"href":"https:\/\/www.egemtv.com\/index.php?rest_route=\/wp\/v2\/posts"}],"about":[{"href":"https:\/\/www.egemtv.com\/index.php?rest_route=\/wp\/v2\/types\/post"}],"author":[{"embeddable":true,"href":"https:\/\/www.egemtv.com\/index.php?rest_route=\/wp\/v2\/users\/1"}],"replies":[{"embeddable":true,"href":"https:\/\/www.egemtv.com\/index.php?rest_route=%2Fwp%2Fv2%2Fcomments&post=63879"}],"version-history":[{"count":1,"href":"https:\/\/www.egemtv.com\/index.php?rest_route=\/wp\/v2\/posts\/63879\/revisions"}],"predecessor-version":[{"id":63881,"href":"https:\/\/www.egemtv.com\/index.php?rest_route=\/wp\/v2\/posts\/63879\/revisions\/63881"}],"wp:featuredmedia":[{"embeddable":true,"href":"https:\/\/www.egemtv.com\/index.php?rest_route=\/wp\/v2\/media\/63880"}],"wp:attachment":[{"href":"https:\/\/www.egemtv.com\/index.php?rest_route=%2Fwp%2Fv2%2Fmedia&parent=63879"}],"wp:term":[{"taxonomy":"category","embeddable":true,"href":"https:\/\/www.egemtv.com\/index.php?rest_route=%2Fwp%2Fv2%2Fcategories&post=63879"},{"taxonomy":"post_tag","embeddable":true,"href":"https:\/\/www.egemtv.com\/index.php?rest_route=%2Fwp%2Fv2%2Ftags&post=63879"}],"curies":[{"name":"wp","href":"https:\/\/api.w.org\/{rel}","templated":true}]}}