{"id":63876,"date":"2025-10-26T11:35:01","date_gmt":"2025-10-26T08:35:01","guid":{"rendered":"https:\/\/www.egemtv.com\/?p=63876"},"modified":"2025-10-26T11:35:06","modified_gmt":"2025-10-26T08:35:06","slug":"cumhuriyetin-102-yili-kocarlida-coskuyla-kutlanacak","status":"publish","type":"post","link":"https:\/\/www.egemtv.com\/?p=63876","title":{"rendered":"Cumhuriyet\u2019in 102. y\u0131l\u0131 Ko\u00e7arl\u0131\u2019da co\u015fkuyla kutlanacak"},"content":{"rendered":"<p>Ko\u00e7arl\u0131 Belediyesi, Cumhuriyet Bayram\u0131 etkinlikleri kapsam\u0131nda \u00fcnl\u00fc m\u00fczik grubu \u0130kilem\u2019i il\u00e7eye getiriyor. Sevilen grup, 28 Ekim Sal\u0131 ak\u015fam\u0131 saat 21.00\u2019de Cumhuriyet Meydan\u0131\u2019nda sahne alarak Ko\u00e7arl\u0131l\u0131lara unutulmaz bir gece ya\u015fatacak.<\/p>\n<p>Ko\u00e7arl\u0131 Belediyesi taraf\u0131ndan organize edilen etkinlik, hem gen\u00e7lerin hem de ailelerin yo\u011fun ilgi g\u00f6stermesi beklenen bir kutlama olacak. Meydan\u0131n \u00e7e\u015fitli noktalar\u0131na bayraklar ve Atat\u00fcrk posterleri as\u0131larak g\u00f6rsel bir \u015f\u00f6len haz\u0131rlanacak. Ayr\u0131ca etkinlik \u00f6ncesi vatanda\u015flara \u00fccretsiz T\u00fcrk bayraklar\u0131 da\u011f\u0131t\u0131lacak. Cumhuriyet\u2019in 102. y\u0131l d\u00f6n\u00fcm\u00fcnde Ko\u00e7arl\u0131\u2019da d\u00fczenlenecek bu konser, hem milli birlik ve beraberlik duygusunu peki\u015ftirecek hem de vatanda\u015flara keyifli bir ak\u015fam ya\u015fatacak.<\/p>\n<p>Ko\u00e7arl\u0131 Belediye Ba\u015fkan\u0131 \u00d6zg\u00fcr Ar\u0131c\u0131, t\u00fcm vatanda\u015flar\u0131 bu anlaml\u0131 g\u00fcnde bir araya gelmeye davet etti. Ba\u015fkan Ar\u0131c\u0131, &#8220;Cumhuriyetimizin 102. y\u0131l\u0131n\u0131 millet\u00e7e b\u00fcy\u00fck bir gurur ve heyecanla kutluyoruz. Ko\u00e7arl\u0131\u2019da bu co\u015fkuyu hep birlikte ya\u015famak, Cumhuriyetimizin de\u011ferlerini gelece\u011fe ta\u015f\u0131mak istiyoruz. T\u00fcm halk\u0131m\u0131z\u0131 28 Ekim ak\u015fam\u0131 Cumhuriyet Meydan\u0131\u2019na davet ediyor, bu anlaml\u0131 g\u00fcn\u00fc birlikte kutlamaya \u00e7a\u011f\u0131r\u0131yorum&#8221; dedi.<br \/><\/p>\n","protected":false},"excerpt":{"rendered":"<p>Ko\u00e7arl\u0131 Belediyesi, Cumhuriyet Bayram\u0131 etkinlikleri kapsam\u0131nda \u00fcnl\u00fc m\u00fczik grubu \u0130kilem\u2019i il\u00e7eye getiriyor. Sevilen grup, 28 Ekim Sal\u0131 ak\u015fam\u0131 saat 21.00\u2019de Cumhuriyet Meydan\u0131\u2019nda sahne alarak Ko\u00e7arl\u0131l\u0131lara unutulmaz bir gece ya\u015fatacak. Ko\u00e7arl\u0131 Belediyesi taraf\u0131ndan organize edilen etkinlik, hem gen\u00e7lerin hem de ailelerin yo\u011fun ilgi g\u00f6stermesi beklenen bir kutlama olacak. Meydan\u0131n \u00e7e\u015fitli noktalar\u0131na bayraklar ve Atat\u00fcrk posterleri as\u0131larak&#8230;<\/p>\n","protected":false},"author":1,"featured_media":63877,"comment_status":"open","ping_status":"open","sticky":false,"template":"","format":"standard","meta":{"_crdt_document":"","footnotes":""},"categories":[1],"tags":[],"class_list":["post-63876","post","type-post","status-publish","format-standard","has-post-thumbnail","hentry","category-guncel"],"_links":{"self":[{"href":"https:\/\/www.egemtv.com\/index.php?rest_route=\/wp\/v2\/posts\/63876","targetHints":{"allow":["GET"]}}],"collection":[{"href":"https:\/\/www.egemtv.com\/index.php?rest_route=\/wp\/v2\/posts"}],"about":[{"href":"https:\/\/www.egemtv.com\/index.php?rest_route=\/wp\/v2\/types\/post"}],"author":[{"embeddable":true,"href":"https:\/\/www.egemtv.com\/index.php?rest_route=\/wp\/v2\/users\/1"}],"replies":[{"embeddable":true,"href":"https:\/\/www.egemtv.com\/index.php?rest_route=%2Fwp%2Fv2%2Fcomments&post=63876"}],"version-history":[{"count":1,"href":"https:\/\/www.egemtv.com\/index.php?rest_route=\/wp\/v2\/posts\/63876\/revisions"}],"predecessor-version":[{"id":63878,"href":"https:\/\/www.egemtv.com\/index.php?rest_route=\/wp\/v2\/posts\/63876\/revisions\/63878"}],"wp:featuredmedia":[{"embeddable":true,"href":"https:\/\/www.egemtv.com\/index.php?rest_route=\/wp\/v2\/media\/63877"}],"wp:attachment":[{"href":"https:\/\/www.egemtv.com\/index.php?rest_route=%2Fwp%2Fv2%2Fmedia&parent=63876"}],"wp:term":[{"taxonomy":"category","embeddable":true,"href":"https:\/\/www.egemtv.com\/index.php?rest_route=%2Fwp%2Fv2%2Fcategories&post=63876"},{"taxonomy":"post_tag","embeddable":true,"href":"https:\/\/www.egemtv.com\/index.php?rest_route=%2Fwp%2Fv2%2Ftags&post=63876"}],"curies":[{"name":"wp","href":"https:\/\/api.w.org\/{rel}","templated":true}]}}