{"id":63873,"date":"2025-10-26T11:15:54","date_gmt":"2025-10-26T08:15:54","guid":{"rendered":"https:\/\/www.egemtv.com\/?p=63873"},"modified":"2025-10-26T11:15:59","modified_gmt":"2025-10-26T08:15:59","slug":"dijital-cagin-yeni-e-nazar-boncuklari-emojiler","status":"publish","type":"post","link":"https:\/\/www.egemtv.com\/?p=63873","title":{"rendered":"Dijital \u00e7a\u011f\u0131n yeni e-nazar boncuklar\u0131: Emojiler"},"content":{"rendered":"<p>Sosyal medya, anneli\u011fin yeni vitrinine d\u00f6n\u00fc\u015f\u00fcrken, bir\u00e7ok anne bebeklerinin y\u00fcz\u00fcn\u00fc emojilerle kapat\u0131yor. Ya\u015far \u00dcniversitesi\u2019nden Do\u00e7. Dr. Pelin Aytemiz Karsl\u0131, bu tercihin, bazen mahremiyet, bazen de nazara kar\u015f\u0131 dijital bir savunma amac\u0131 ta\u015f\u0131d\u0131\u011f\u0131n\u0131 s\u00f6yledi.<br \/>\n<br \/>Ya\u015far \u00dcniversitesi \u0130leti\u015fim Fak\u00fcltesi G\u00f6rsel \u0130leti\u015fim Tasar\u0131m\u0131 B\u00f6l\u00fcm Ba\u015fkan\u0131 Do\u00e7. Dr. Pelin Aytemiz Karsl\u0131, &#8220;G\u00f6z De\u011fmesin Diye: Instagram\u2019da Annelik, Mahremiyet ve Nazar&#8221; konulu ara\u015ft\u0131rmas\u0131nda, Instagram\u2019da annelerin bebek foto\u011fraflar\u0131n\u0131 payla\u015f\u0131rken y\u00fczlerini emojilerle kapatt\u0131klar\u0131 g\u00f6rsel kompozisyonlar\u0131n anlamlar\u0131n\u0131 ele ald\u0131. \u00d6zellikle dijital bir nazar boncu\u011fu i\u015flevi g\u00f6ren emojiler \u00fczerinden, anneli\u011fin dijital temsili ile geleneksel nazar inan\u0131\u015f\u0131n\u0131n nas\u0131l i\u00e7 i\u00e7e ge\u00e7ti\u011fini inceledi. Bu ara\u015ft\u0131rmas\u0131 i\u00e7in  y\u00fcr\u00fctt\u00fc\u011f\u00fc dijital etnografi kapsam\u0131nda 65 Instagram profili analiz etti. Ayr\u0131ca ara\u015ft\u0131rman\u0131n devam\u0131 olarak 110 anne ile anket \u00e7al\u0131\u015fmas\u0131 ger\u00e7ekle\u015ftirdi.<br \/>\n<br \/>Do\u00e7. Dr. Pelin Aytemiz Karsl\u0131\u2019ya g\u00f6re annelerin payla\u015f\u0131mlar\u0131nda emoji kullanmas\u0131, yaln\u0131zca gizlili\u011fi sa\u011flama amac\u0131 ta\u015f\u0131m\u0131yor. Ayn\u0131 zamanda eski inan\u00e7lar\u0131n dijital bir yorumu niteli\u011fi ta\u015f\u0131yor. Emoji, inanc\u0131n g\u00fcncellenmi\u015f hali olarak kar\u015f\u0131m\u0131za \u00e7\u0131k\u0131yor.<\/p>\n<p>Sembolik koruma<br \/>\n<br \/>G\u00f6rsel etnografi temelli ara\u015ft\u0131rmas\u0131nda, annelerin g\u00f6r\u00fcn\u00fcrl\u00fck ile mahremiyet aras\u0131nda kurduklar\u0131 hassas dengeyi ve dijital annelik deneyimi ile geleneksel inan\u0131\u015flar aras\u0131ndaki m\u00fczakere s\u00fcre\u00e7lerini inceleyen Do\u00e7. Dr. Aytemiz Karsl\u0131, &#8220;Bu payla\u015f\u0131m bi\u00e7iminin yaln\u0131zca nazar inanc\u0131na de\u011fil, ayn\u0131 zamanda dijital varl\u0131k ve g\u00f6r\u00fcn\u00fcrl\u00fckle ili\u015fkili bir alan m\u00fccadelesi oldu\u011funu d\u00fc\u015f\u00fcn\u00fcyorum. Ayn\u0131 zamanda inanc\u0131n g\u00fcncellenmi\u015f hali. Bebeklerin y\u00fcz\u00fcne koyulan g\u00fclen y\u00fczler, kalpler ya da \u00e7i\u00e7ek emojileri, sembolik bir koruma g\u00f6revi g\u00f6r\u00fcyor&#8221; diye konu\u015ftu.<\/p>\n<p>Nazardan korunmada dijital evrilme<br \/>\n<br \/>Ya\u015far \u00dcniversitesi \u0130leti\u015fim Fak\u00fcltesi \u00d6\u011fretim \u00dcyesi Do\u00e7. Dr. Aytemiz Karsl\u0131 s\u00f6zlerini \u015f\u00f6yle s\u00fcrd\u00fcrd\u00fc: &#8220;Baz\u0131 anneler ise emoji kullanma tercihini \u00e7evresel fakt\u00f6rlerden kulland\u0131klar\u0131n\u0131 s\u00f6yl\u00fcyor. Sosyal medya takip\u00e7ilerinden gelen &#8220;G\u00f6z de\u011fmesin&#8221;, &#8220;Ma\u015fallah&#8221; gibi yorumlar da bu tercihte etkili oluyor. Bu durum anneler i\u00e7in ayn\u0131 zamanda bir i\u00e7 rahatlatma y\u00f6ntemi. Anneler payla\u015fmak istiyor \u00e7\u00fcnk\u00fc hat\u0131ralar birikiyor. Ama bir yandan da \u2018ya biri k\u00f6t\u00fc niyetle bakarsa?\u2019 diye ikileme d\u00fc\u015f\u00fcyor. Bu noktada bebeklerinin y\u00fcz\u00fcn\u00fc emojiyle kapatan anneler, hem geleneksel inan\u00e7lar\u0131 hem de modern gizlilik kayg\u0131lar\u0131n\u0131 bir arada ya\u015f\u0131yor. Bu davran\u0131\u015f, k\u00fclt\u00fcrel miras\u0131n sosyal medya \u00fczerinden nas\u0131l evrildi\u011fini g\u00f6zler \u00f6n\u00fcne seriyor.&#8221;<br \/><\/p>\n","protected":false},"excerpt":{"rendered":"<p>Sosyal medya, anneli\u011fin yeni vitrinine d\u00f6n\u00fc\u015f\u00fcrken, bir\u00e7ok anne bebeklerinin y\u00fcz\u00fcn\u00fc emojilerle kapat\u0131yor. Ya\u015far \u00dcniversitesi\u2019nden Do\u00e7. Dr. Pelin Aytemiz Karsl\u0131, bu tercihin, bazen mahremiyet, bazen de nazara kar\u015f\u0131 dijital bir savunma amac\u0131 ta\u015f\u0131d\u0131\u011f\u0131n\u0131 s\u00f6yledi. Ya\u015far \u00dcniversitesi \u0130leti\u015fim Fak\u00fcltesi G\u00f6rsel \u0130leti\u015fim Tasar\u0131m\u0131 B\u00f6l\u00fcm Ba\u015fkan\u0131 Do\u00e7. Dr. Pelin Aytemiz Karsl\u0131, &#8220;G\u00f6z De\u011fmesin Diye: Instagram\u2019da Annelik, Mahremiyet ve Nazar&#8221;&#8230;<\/p>\n","protected":false},"author":1,"featured_media":63874,"comment_status":"open","ping_status":"open","sticky":false,"template":"","format":"standard","meta":{"_crdt_document":"","footnotes":""},"categories":[1],"tags":[],"class_list":["post-63873","post","type-post","status-publish","format-standard","has-post-thumbnail","hentry","category-guncel"],"_links":{"self":[{"href":"https:\/\/www.egemtv.com\/index.php?rest_route=\/wp\/v2\/posts\/63873","targetHints":{"allow":["GET"]}}],"collection":[{"href":"https:\/\/www.egemtv.com\/index.php?rest_route=\/wp\/v2\/posts"}],"about":[{"href":"https:\/\/www.egemtv.com\/index.php?rest_route=\/wp\/v2\/types\/post"}],"author":[{"embeddable":true,"href":"https:\/\/www.egemtv.com\/index.php?rest_route=\/wp\/v2\/users\/1"}],"replies":[{"embeddable":true,"href":"https:\/\/www.egemtv.com\/index.php?rest_route=%2Fwp%2Fv2%2Fcomments&post=63873"}],"version-history":[{"count":1,"href":"https:\/\/www.egemtv.com\/index.php?rest_route=\/wp\/v2\/posts\/63873\/revisions"}],"predecessor-version":[{"id":63875,"href":"https:\/\/www.egemtv.com\/index.php?rest_route=\/wp\/v2\/posts\/63873\/revisions\/63875"}],"wp:featuredmedia":[{"embeddable":true,"href":"https:\/\/www.egemtv.com\/index.php?rest_route=\/wp\/v2\/media\/63874"}],"wp:attachment":[{"href":"https:\/\/www.egemtv.com\/index.php?rest_route=%2Fwp%2Fv2%2Fmedia&parent=63873"}],"wp:term":[{"taxonomy":"category","embeddable":true,"href":"https:\/\/www.egemtv.com\/index.php?rest_route=%2Fwp%2Fv2%2Fcategories&post=63873"},{"taxonomy":"post_tag","embeddable":true,"href":"https:\/\/www.egemtv.com\/index.php?rest_route=%2Fwp%2Fv2%2Ftags&post=63873"}],"curies":[{"name":"wp","href":"https:\/\/api.w.org\/{rel}","templated":true}]}}