{"id":63870,"date":"2025-10-26T10:56:01","date_gmt":"2025-10-26T07:56:01","guid":{"rendered":"https:\/\/www.egemtv.com\/?p=63870"},"modified":"2025-10-26T10:56:03","modified_gmt":"2025-10-26T07:56:03","slug":"aydinda-kadin-kooperatifleri-gucleniyor","status":"publish","type":"post","link":"https:\/\/www.egemtv.com\/?p=63870","title":{"rendered":"Ayd\u0131n\u2019da kad\u0131n kooperatifleri g\u00fc\u00e7leniyor"},"content":{"rendered":"<p>Kad\u0131n kooperatiflerinin kurumsal ve ekonomik kapasitelerinin art\u0131r\u0131lmas\u0131 amac\u0131yla, Tar\u0131m ve Orman Bakanl\u0131\u011f\u0131, Aile ve Sosyal Hizmetler Bakanl\u0131\u011f\u0131 ile Ticaret Bakanl\u0131\u011f\u0131 aras\u0131nda imzalanan \u2019Kad\u0131n Kooperatiflerinin G\u00fc\u00e7lendirilmesi \u0130\u015f Birli\u011fi Protokol\u00fc\u2019 kapsam\u0131nda Ayd\u0131n\u2019da e\u011fitim faaliyeti ger\u00e7ekle\u015ftirildi.<\/p>\n<p>Ayd\u0131n \u0130l Tar\u0131m ve Orman M\u00fcd\u00fcrl\u00fc\u011f\u00fc taraf\u0131ndan d\u00fczenlenen etkinlik kapsam\u0131nda, kad\u0131n kooperatiflerinin s\u00fcrd\u00fcr\u00fclebilirli\u011finin sa\u011flanmas\u0131, giri\u015fimcilik becerilerinin geli\u015ftirilmesi ve kad\u0131nlar\u0131n kooperatifler arac\u0131l\u0131\u011f\u0131yla ekonomik hayata daha etkin kat\u0131l\u0131m\u0131 hedefleniyor. Ayd\u0131n Ticaret Odas\u0131 (AYTO) Toplant\u0131 Salonu\u2019nda yap\u0131lan e\u011fitimde; \u2019S\u00fcrd\u00fcr\u00fclebilir Kooperatif E\u011fitimi, \u0130nteraktif E\u011fitim ve Kad\u0131n Giri\u015fimcilerine Y\u00f6nelik Fon ve Hibe Destekleri\u2019 konular\u0131nda bilgilendirmeler yap\u0131ld\u0131. E\u011fitim program\u0131nda Ayd\u0131n Ticaret Odas\u0131 Y\u00f6netim Kurulu \u00dcyesi Belgin \u00c7ekmen Altay, Ayd\u0131n \u0130\u015f Kad\u0131nlar\u0131 Derne\u011fi Ba\u015fkan Yard\u0131mc\u0131s\u0131 Pelin Yard\u0131m ve GEKA Ayd\u0131n \u0130l Koordinat\u00f6rl\u00fc\u011f\u00fc Uzman\u0131 G\u00fcl\u015fah \u00d6selmi\u015f sunum ger\u00e7ekle\u015ftirdi. Toplant\u0131ya Ayd\u0131n Aile ve Sosyal Hizmetler \u0130l M\u00fcd\u00fcr Yard\u0131mc\u0131s\u0131 Aynur Serbes, Ayd\u0131n \u0130l Tar\u0131m ve Orman M\u00fcd\u00fcrl\u00fc\u011f\u00fc K\u0131rsal Kalk\u0131nma ve \u00d6rg\u00fctlenme \u015eube M\u00fcd\u00fcr\u00fc Yakup Ezber, Ayd\u0131n Ticaret \u0130l M\u00fcd\u00fcrl\u00fc\u011f\u00fc Kooperatifler \u015eube M\u00fcd\u00fcr\u00fc Hasan G\u00fclay ile ilgili kurum personelleri kat\u0131l\u0131m sa\u011flad\u0131.<br \/><\/p>\n","protected":false},"excerpt":{"rendered":"<p>Kad\u0131n kooperatiflerinin kurumsal ve ekonomik kapasitelerinin art\u0131r\u0131lmas\u0131 amac\u0131yla, Tar\u0131m ve Orman Bakanl\u0131\u011f\u0131, Aile ve Sosyal Hizmetler Bakanl\u0131\u011f\u0131 ile Ticaret Bakanl\u0131\u011f\u0131 aras\u0131nda imzalanan \u2019Kad\u0131n Kooperatiflerinin G\u00fc\u00e7lendirilmesi \u0130\u015f Birli\u011fi Protokol\u00fc\u2019 kapsam\u0131nda Ayd\u0131n\u2019da e\u011fitim faaliyeti ger\u00e7ekle\u015ftirildi. Ayd\u0131n \u0130l Tar\u0131m ve Orman M\u00fcd\u00fcrl\u00fc\u011f\u00fc taraf\u0131ndan d\u00fczenlenen etkinlik kapsam\u0131nda, kad\u0131n kooperatiflerinin s\u00fcrd\u00fcr\u00fclebilirli\u011finin sa\u011flanmas\u0131, giri\u015fimcilik becerilerinin geli\u015ftirilmesi ve kad\u0131nlar\u0131n kooperatifler arac\u0131l\u0131\u011f\u0131yla ekonomik&#8230;<\/p>\n","protected":false},"author":1,"featured_media":63871,"comment_status":"open","ping_status":"open","sticky":false,"template":"","format":"standard","meta":{"_crdt_document":"","footnotes":""},"categories":[1],"tags":[],"class_list":["post-63870","post","type-post","status-publish","format-standard","has-post-thumbnail","hentry","category-guncel"],"_links":{"self":[{"href":"https:\/\/www.egemtv.com\/index.php?rest_route=\/wp\/v2\/posts\/63870","targetHints":{"allow":["GET"]}}],"collection":[{"href":"https:\/\/www.egemtv.com\/index.php?rest_route=\/wp\/v2\/posts"}],"about":[{"href":"https:\/\/www.egemtv.com\/index.php?rest_route=\/wp\/v2\/types\/post"}],"author":[{"embeddable":true,"href":"https:\/\/www.egemtv.com\/index.php?rest_route=\/wp\/v2\/users\/1"}],"replies":[{"embeddable":true,"href":"https:\/\/www.egemtv.com\/index.php?rest_route=%2Fwp%2Fv2%2Fcomments&post=63870"}],"version-history":[{"count":1,"href":"https:\/\/www.egemtv.com\/index.php?rest_route=\/wp\/v2\/posts\/63870\/revisions"}],"predecessor-version":[{"id":63872,"href":"https:\/\/www.egemtv.com\/index.php?rest_route=\/wp\/v2\/posts\/63870\/revisions\/63872"}],"wp:featuredmedia":[{"embeddable":true,"href":"https:\/\/www.egemtv.com\/index.php?rest_route=\/wp\/v2\/media\/63871"}],"wp:attachment":[{"href":"https:\/\/www.egemtv.com\/index.php?rest_route=%2Fwp%2Fv2%2Fmedia&parent=63870"}],"wp:term":[{"taxonomy":"category","embeddable":true,"href":"https:\/\/www.egemtv.com\/index.php?rest_route=%2Fwp%2Fv2%2Fcategories&post=63870"},{"taxonomy":"post_tag","embeddable":true,"href":"https:\/\/www.egemtv.com\/index.php?rest_route=%2Fwp%2Fv2%2Ftags&post=63870"}],"curies":[{"name":"wp","href":"https:\/\/api.w.org\/{rel}","templated":true}]}}