{"id":63861,"date":"2025-10-26T09:36:02","date_gmt":"2025-10-26T06:36:02","guid":{"rendered":"https:\/\/www.egemtv.com\/?p=63861"},"modified":"2025-10-26T09:36:05","modified_gmt":"2025-10-26T06:36:05","slug":"aydinda-26-gencin-hafizlik-gururu","status":"publish","type":"post","link":"https:\/\/www.egemtv.com\/?p=63861","title":{"rendered":"Ayd\u0131n\u2019da 26 gencin haf\u0131zl\u0131k gururu"},"content":{"rendered":"<p>Ayd\u0131n \u0130l M\u00fcft\u00fcl\u00fc\u011f\u00fc koordinesinde Efeler \u0130l\u00e7e M\u00fcft\u00fcl\u00fc\u011f\u00fcne ba\u011fl\u0131 Umurlu B\u00f6lge Yat\u0131l\u0131 Haf\u0131zl\u0131k Kur\u2019an Kursu\u2019nda haf\u0131zl\u0131klar\u0131n\u0131 tamamlayan 26 \u00f6\u011frenci i\u00e7in icazet program\u0131 d\u00fczenlendi.<\/p>\n<p>Yavuz Sultan Selim Camii\u2019nde ger\u00e7ekle\u015ftirilen ve Kur\u2019an-\u0131 Kerim tilavetiyle ba\u015flayan program\u0131n a\u00e7\u0131l\u0131\u015f konu\u015fmas\u0131n\u0131 yapan Efeler \u0130l\u00e7e M\u00fcft\u00fcs\u00fc Ramazan Co\u015fkun, &#8220;Umurlu Kur\u2019an Kursumuz 36 y\u0131ld\u0131r aral\u0131ks\u0131z haf\u0131z yeti\u015ftiriyor. Elhamd\u00fclillah, bu g\u00fczel gelene\u011fi devam ettirmenin gururunu  ya\u015f\u0131yoruz &#8221; dedi.<\/p>\n<p>\u0130l M\u00fcft\u00fcs\u00fc Hasan G\u00fcne\u015f de, Kur\u2019an\u2019la yeti\u015fen gen\u00e7li\u011fin \u00fcmmetin umudu oldu\u011funu vurgulad\u0131 ve &#8220;Bu gen\u00e7ler bizim gelece\u011fimizdir. Kur\u2019an\u2019a hizmet eden herkes ba\u015f\u0131m\u0131z\u0131n tac\u0131d\u0131r. Rabbim, her eve bir haf\u0131z nasip eylesin. Haf\u0131zlar\u0131m\u0131za emek veren ailelerine, hocalar\u0131m\u0131za ve bu s\u00fcrece destek olan herkese g\u00f6n\u00fclden te\u015fekk\u00fcr ediyorum&#8221; dedi.<\/p>\n<p>Diyanet \u0130\u015fleri Ba\u015fkan Yard\u0131mc\u0131s\u0131 Dr. Haf\u0131z Osman \u015eahin ise konu\u015fmas\u0131nda, &#8220;Kur\u2019an\u2019\u0131n hem akla hem kalbe hitap eden ilahi bir kelam oldu\u011funu vurgulayarak, &#8220;De\u011ferli karde\u015flerim, Y\u00fcce kitab\u0131m\u0131z\u0131 okumak, anlamak ve  ya\u015famak en b\u00fcy\u00fck ibadetlerdendir.  Yunus Emre ne g\u00fczel s\u00f6yler; Her kim Kur\u2019an bilmedi, sanki d\u00fcnyaya gelmedi.\u2019 Bug\u00fcn \u00e7a\u011f\u0131n imkanlar\u0131n\u0131 da kullanarak herkesin  Kur\u2019an-\u0131 \u00f6\u011frenmesi gerekiyor&#8221; diye konu\u015ftu.<\/p>\n<p>Haf\u0131zlar\u0131 ve eme\u011fi ge\u00e7enleri tebrik eden Ba\u015fkan Yard\u0131mc\u0131s\u0131 \u015eahin bu kutlu yolculukta yer alan herkese te\u015fekk\u00fcr etti.<\/p>\n<p>Se\u00e7kin haf\u0131zlar\u0131n Kur\u2019an tilaveti, Mu\u011fla \u0130l M\u00fcft\u00fcs\u00fc Dr. R\u00fcstem Can\u2019\u0131n duas\u0131 ve haf\u0131zl\u0131k belgelerinin takdimi ile sona eren programa; Ayd\u0131n Valisi Yakup Canbolat, Diyanet \u0130\u015fleri Ba\u015fkan Yard\u0131mc\u0131s\u0131 Dr. Haf\u0131z Osman \u015eahin, \u0130l M\u00fcft\u00fcs\u00fc Hasan G\u00fcne\u015f, Mu\u011fla \u0130l M\u00fcft\u00fcs\u00fc Dr. R\u00fcstem Can, protokol \u00fcyeleri, din g\u00f6revlileri ve vatanda\u015flar kat\u0131ld\u0131.<br \/><\/p>\n","protected":false},"excerpt":{"rendered":"<p>Ayd\u0131n \u0130l M\u00fcft\u00fcl\u00fc\u011f\u00fc koordinesinde Efeler \u0130l\u00e7e M\u00fcft\u00fcl\u00fc\u011f\u00fcne ba\u011fl\u0131 Umurlu B\u00f6lge Yat\u0131l\u0131 Haf\u0131zl\u0131k Kur\u2019an Kursu\u2019nda haf\u0131zl\u0131klar\u0131n\u0131 tamamlayan 26 \u00f6\u011frenci i\u00e7in icazet program\u0131 d\u00fczenlendi. Yavuz Sultan Selim Camii\u2019nde ger\u00e7ekle\u015ftirilen ve Kur\u2019an-\u0131 Kerim tilavetiyle ba\u015flayan program\u0131n a\u00e7\u0131l\u0131\u015f konu\u015fmas\u0131n\u0131 yapan Efeler \u0130l\u00e7e M\u00fcft\u00fcs\u00fc Ramazan Co\u015fkun, &#8220;Umurlu Kur\u2019an Kursumuz 36 y\u0131ld\u0131r aral\u0131ks\u0131z haf\u0131z yeti\u015ftiriyor. Elhamd\u00fclillah, bu g\u00fczel gelene\u011fi devam ettirmenin&#8230;<\/p>\n","protected":false},"author":1,"featured_media":63862,"comment_status":"open","ping_status":"open","sticky":false,"template":"","format":"standard","meta":{"_crdt_document":"","footnotes":""},"categories":[1],"tags":[],"class_list":["post-63861","post","type-post","status-publish","format-standard","has-post-thumbnail","hentry","category-guncel"],"_links":{"self":[{"href":"https:\/\/www.egemtv.com\/index.php?rest_route=\/wp\/v2\/posts\/63861","targetHints":{"allow":["GET"]}}],"collection":[{"href":"https:\/\/www.egemtv.com\/index.php?rest_route=\/wp\/v2\/posts"}],"about":[{"href":"https:\/\/www.egemtv.com\/index.php?rest_route=\/wp\/v2\/types\/post"}],"author":[{"embeddable":true,"href":"https:\/\/www.egemtv.com\/index.php?rest_route=\/wp\/v2\/users\/1"}],"replies":[{"embeddable":true,"href":"https:\/\/www.egemtv.com\/index.php?rest_route=%2Fwp%2Fv2%2Fcomments&post=63861"}],"version-history":[{"count":1,"href":"https:\/\/www.egemtv.com\/index.php?rest_route=\/wp\/v2\/posts\/63861\/revisions"}],"predecessor-version":[{"id":63863,"href":"https:\/\/www.egemtv.com\/index.php?rest_route=\/wp\/v2\/posts\/63861\/revisions\/63863"}],"wp:featuredmedia":[{"embeddable":true,"href":"https:\/\/www.egemtv.com\/index.php?rest_route=\/wp\/v2\/media\/63862"}],"wp:attachment":[{"href":"https:\/\/www.egemtv.com\/index.php?rest_route=%2Fwp%2Fv2%2Fmedia&parent=63861"}],"wp:term":[{"taxonomy":"category","embeddable":true,"href":"https:\/\/www.egemtv.com\/index.php?rest_route=%2Fwp%2Fv2%2Fcategories&post=63861"},{"taxonomy":"post_tag","embeddable":true,"href":"https:\/\/www.egemtv.com\/index.php?rest_route=%2Fwp%2Fv2%2Ftags&post=63861"}],"curies":[{"name":"wp","href":"https:\/\/api.w.org\/{rel}","templated":true}]}}