{"id":63858,"date":"2025-10-26T09:14:41","date_gmt":"2025-10-26T06:14:41","guid":{"rendered":"https:\/\/www.egemtv.com\/?p=63858"},"modified":"2025-10-26T09:14:43","modified_gmt":"2025-10-26T06:14:43","slug":"ekim-ayi-bitiyor-uzum-bitmiyor","status":"publish","type":"post","link":"https:\/\/www.egemtv.com\/?p=63858","title":{"rendered":"Ekim ay\u0131 bitiyor, \u00fcz\u00fcm bitmiyor"},"content":{"rendered":"<p>Manisa\u2019n\u0131n Sar\u0131g\u00f6l il\u00e7esinde \u00f6rt\u00fc alt\u0131ndaki \u00fcz\u00fcmler, ekim sonuna gelinmesine ra\u011fmen toplanmaya devam ediyor. Kad\u0131n i\u015f\u00e7iler, ya\u011fmur \u00e7amur demeden sabah\u0131n erken saatlerinden ak\u015fama kadar \u00e7al\u0131\u015f\u0131yor.<br \/>\n<br \/>Manisa\u2019n\u0131n Sar\u0131g\u00f6l il\u00e7esinde ekim ay\u0131n\u0131n sonlar\u0131na gelinmesine ra\u011fmen \u00f6rt\u00fc alt\u0131ndaki \u00fcz\u00fcmlerin hasad\u0131 h\u0131z kesmeden devam ediyor. Kad\u0131n i\u015f\u00e7iler, ya\u011fmur \u00e7amur demeden \u00e7al\u0131\u015farak emekleriyle ge\u00e7imlerini sa\u011flamay\u0131 s\u00fcrd\u00fcr\u00fcyor.<br \/>\n<br \/>\u0130hracata giden sofral\u0131k Sultaniye \u00e7ekirdeksiz \u00fcz\u00fcm\u00fcn kilogram fiyat\u0131 kalitesine g\u00f6re 35 ila 60 lira aras\u0131nda de\u011fi\u015firken, i\u00e7 piyasada ise 25 ile 30 lira aras\u0131nda al\u0131c\u0131 buluyor.<br \/>\n<br \/>Ba\u011flarda sabah\u0131n erken saatlerinde ba\u015flayan mesai, ak\u015fam hava karar\u0131ncaya kadar s\u00fcr\u00fcyor. Kad\u0131n i\u015f\u00e7ilerden Yeter G\u00f6k, al\u0131n teriyle ge\u00e7imlerini sa\u011flad\u0131klar\u0131n\u0131 belirterek, &#8220;Ya\u011fmur \u00e7amur demeden \u00e7al\u0131\u015fmaya devam ediyoruz. Biz emek\u00e7i kad\u0131nlar her g\u00fcn eme\u011fimizi al\u0131n teriyle kazan\u0131yoruz. Ekim ay\u0131n\u0131n sonuna geldik ama Sar\u0131g\u00f6l ovas\u0131nda \u00fcz\u00fcm hasad\u0131m\u0131z devam ediyor.&#8221; dedi.<br \/>\n<br \/>Sar\u0131g\u00f6l Ziraat Odas\u0131 yetkililerinden al\u0131nan bilgiye g\u00f6re, \u00f6rt\u00fc alt\u0131 \u00fcz\u00fcm hasad\u0131n\u0131n hava \u015fartlar\u0131na ba\u011fl\u0131 olarak ocak ay\u0131na kadar devam etmesi bekleniyor.<br \/><\/p>\n","protected":false},"excerpt":{"rendered":"<p>Manisa\u2019n\u0131n Sar\u0131g\u00f6l il\u00e7esinde \u00f6rt\u00fc alt\u0131ndaki \u00fcz\u00fcmler, ekim sonuna gelinmesine ra\u011fmen toplanmaya devam ediyor. Kad\u0131n i\u015f\u00e7iler, ya\u011fmur \u00e7amur demeden sabah\u0131n erken saatlerinden ak\u015fama kadar \u00e7al\u0131\u015f\u0131yor. Manisa\u2019n\u0131n Sar\u0131g\u00f6l il\u00e7esinde ekim ay\u0131n\u0131n sonlar\u0131na gelinmesine ra\u011fmen \u00f6rt\u00fc alt\u0131ndaki \u00fcz\u00fcmlerin hasad\u0131 h\u0131z kesmeden devam ediyor. Kad\u0131n i\u015f\u00e7iler, ya\u011fmur \u00e7amur demeden \u00e7al\u0131\u015farak emekleriyle ge\u00e7imlerini sa\u011flamay\u0131 s\u00fcrd\u00fcr\u00fcyor. \u0130hracata giden sofral\u0131k Sultaniye \u00e7ekirdeksiz&#8230;<\/p>\n","protected":false},"author":1,"featured_media":63859,"comment_status":"open","ping_status":"open","sticky":false,"template":"","format":"standard","meta":{"_crdt_document":"","footnotes":""},"categories":[125],"tags":[],"class_list":["post-63858","post","type-post","status-publish","format-standard","has-post-thumbnail","hentry","category-ekonomi"],"_links":{"self":[{"href":"https:\/\/www.egemtv.com\/index.php?rest_route=\/wp\/v2\/posts\/63858","targetHints":{"allow":["GET"]}}],"collection":[{"href":"https:\/\/www.egemtv.com\/index.php?rest_route=\/wp\/v2\/posts"}],"about":[{"href":"https:\/\/www.egemtv.com\/index.php?rest_route=\/wp\/v2\/types\/post"}],"author":[{"embeddable":true,"href":"https:\/\/www.egemtv.com\/index.php?rest_route=\/wp\/v2\/users\/1"}],"replies":[{"embeddable":true,"href":"https:\/\/www.egemtv.com\/index.php?rest_route=%2Fwp%2Fv2%2Fcomments&post=63858"}],"version-history":[{"count":1,"href":"https:\/\/www.egemtv.com\/index.php?rest_route=\/wp\/v2\/posts\/63858\/revisions"}],"predecessor-version":[{"id":63860,"href":"https:\/\/www.egemtv.com\/index.php?rest_route=\/wp\/v2\/posts\/63858\/revisions\/63860"}],"wp:featuredmedia":[{"embeddable":true,"href":"https:\/\/www.egemtv.com\/index.php?rest_route=\/wp\/v2\/media\/63859"}],"wp:attachment":[{"href":"https:\/\/www.egemtv.com\/index.php?rest_route=%2Fwp%2Fv2%2Fmedia&parent=63858"}],"wp:term":[{"taxonomy":"category","embeddable":true,"href":"https:\/\/www.egemtv.com\/index.php?rest_route=%2Fwp%2Fv2%2Fcategories&post=63858"},{"taxonomy":"post_tag","embeddable":true,"href":"https:\/\/www.egemtv.com\/index.php?rest_route=%2Fwp%2Fv2%2Ftags&post=63858"}],"curies":[{"name":"wp","href":"https:\/\/api.w.org\/{rel}","templated":true}]}}