{"id":63855,"date":"2025-10-26T07:14:41","date_gmt":"2025-10-26T04:14:41","guid":{"rendered":"https:\/\/www.egemtv.com\/?p=63855"},"modified":"2025-10-26T07:14:42","modified_gmt":"2025-10-26T04:14:42","slug":"cocuklarini-gormek-icin-gitti-satirli-saldiriya-ugradi","status":"publish","type":"post","link":"https:\/\/www.egemtv.com\/?p=63855","title":{"rendered":"\u00c7ocuklar\u0131n\u0131 g\u00f6rmek i\u00e7in gitti, sat\u0131rl\u0131 sald\u0131r\u0131ya u\u011frad\u0131"},"content":{"rendered":"<p>Denizli\u2019de ayr\u0131 ya\u015fad\u0131\u011f\u0131 e\u015finin sevgilisiyle aralar\u0131nda \u00e7\u0131kan kavgada ba\u015f\u0131na ald\u0131\u011f\u0131 sat\u0131r darbesiyle a\u011f\u0131r yaralanan \u015fah\u0131s, kald\u0131r\u0131ld\u0131\u011f\u0131 hastanede hayat\u0131n\u0131 kaybetti.<\/p>\n<p>Olay, 22 Ekim \u00c7ar\u015famba g\u00fcn\u00fc Merkezefendi il\u00e7esi Akkonak Mahallesi Lozan Caddesinde meydana geldi. Edinilen bilgilere g\u00f6re, Y\u0131lmaz K\u00f6se (45), ayr\u0131 ya\u015fad\u0131\u011f\u0131 e\u015fi \u0130kbal K\u00f6se\u2019nin evinde bulunan \u00e7ocuklar\u0131n\u0131 g\u00f6rmeye gitti. Bu esnada \u0130kbal K\u00f6se\u2019nin evinde olan sevgilisi Muhammet Ko\u00e7 (39), ile Y\u0131lmaz K\u00f6se aras\u0131nda tart\u0131\u015fma \u00e7\u0131kt\u0131. Tart\u0131\u015fman\u0131n kavgaya d\u00f6n\u00fc\u015fmesi \u00fczerine \u00e7\u0131kan arbedede Muhammed Ko\u00e7, Y\u0131lmaz K\u00f6se\u2019ye sat\u0131rla sald\u0131rarak yaralad\u0131. Sesleri duyan kom\u015fular\u0131n ihbar\u0131yla olay yerine sa\u011fl\u0131k ve polis ekipleri sevk edildi. A\u011f\u0131r yaralanan Y\u0131lmaz K\u00f6se, sa\u011fl\u0131k ekipleri taraf\u0131ndan olay yerinde yap\u0131lan m\u00fcdahalenin ard\u0131ndan hastaneye kald\u0131r\u0131ld\u0131. Polis ekipleri Y\u0131lmaz K\u00f6se\u2019yi sat\u0131rla a\u011f\u0131r yaralayan Muhammed Ko\u00e7\u2019u g\u00f6zalt\u0131na ald\u0131.<\/p>\n<p>2 \u00e7ocuk babas\u0131 hastanedeki ya\u015fam m\u00fccadelesini kaybetti<br \/>\n<br \/>\u0130ki g\u00fcnd\u00fcr hastanede ya\u015fam m\u00fccadelesi veren Y\u0131lmaz K\u00f6se bug\u00fcn doktorlar\u0131n t\u00fcm m\u00fcdahalesine ra\u011fmen kurtar\u0131lamad\u0131. Y\u0131lmaz K\u00f6se\u2019nin cenazesi otopsi yap\u0131lmak \u00fczere Adli T\u0131p Kurumu Denizli Grup Ba\u015fkanl\u0131\u011f\u0131 morguna kald\u0131r\u0131ld\u0131. Olay\u0131n ard\u0131ndan g\u00f6zalt\u0131na al\u0131nan Muhammed Ko\u00e7 ise \u00e7\u0131kar\u0131ld\u0131\u011f\u0131 mahkemece tutuklanarak cezaevine g\u00f6nderildi.<br \/><\/p>\n","protected":false},"excerpt":{"rendered":"<p>Denizli\u2019de ayr\u0131 ya\u015fad\u0131\u011f\u0131 e\u015finin sevgilisiyle aralar\u0131nda \u00e7\u0131kan kavgada ba\u015f\u0131na ald\u0131\u011f\u0131 sat\u0131r darbesiyle a\u011f\u0131r yaralanan \u015fah\u0131s, kald\u0131r\u0131ld\u0131\u011f\u0131 hastanede hayat\u0131n\u0131 kaybetti. Olay, 22 Ekim \u00c7ar\u015famba g\u00fcn\u00fc Merkezefendi il\u00e7esi Akkonak Mahallesi Lozan Caddesinde meydana geldi. Edinilen bilgilere g\u00f6re, Y\u0131lmaz K\u00f6se (45), ayr\u0131 ya\u015fad\u0131\u011f\u0131 e\u015fi \u0130kbal K\u00f6se\u2019nin evinde bulunan \u00e7ocuklar\u0131n\u0131 g\u00f6rmeye gitti. Bu esnada \u0130kbal K\u00f6se\u2019nin evinde olan sevgilisi&#8230;<\/p>\n","protected":false},"author":1,"featured_media":63856,"comment_status":"open","ping_status":"open","sticky":false,"template":"","format":"standard","meta":{"_crdt_document":"","footnotes":""},"categories":[5],"tags":[],"class_list":["post-63855","post","type-post","status-publish","format-standard","has-post-thumbnail","hentry","category-asayis"],"_links":{"self":[{"href":"https:\/\/www.egemtv.com\/index.php?rest_route=\/wp\/v2\/posts\/63855","targetHints":{"allow":["GET"]}}],"collection":[{"href":"https:\/\/www.egemtv.com\/index.php?rest_route=\/wp\/v2\/posts"}],"about":[{"href":"https:\/\/www.egemtv.com\/index.php?rest_route=\/wp\/v2\/types\/post"}],"author":[{"embeddable":true,"href":"https:\/\/www.egemtv.com\/index.php?rest_route=\/wp\/v2\/users\/1"}],"replies":[{"embeddable":true,"href":"https:\/\/www.egemtv.com\/index.php?rest_route=%2Fwp%2Fv2%2Fcomments&post=63855"}],"version-history":[{"count":1,"href":"https:\/\/www.egemtv.com\/index.php?rest_route=\/wp\/v2\/posts\/63855\/revisions"}],"predecessor-version":[{"id":63857,"href":"https:\/\/www.egemtv.com\/index.php?rest_route=\/wp\/v2\/posts\/63855\/revisions\/63857"}],"wp:featuredmedia":[{"embeddable":true,"href":"https:\/\/www.egemtv.com\/index.php?rest_route=\/wp\/v2\/media\/63856"}],"wp:attachment":[{"href":"https:\/\/www.egemtv.com\/index.php?rest_route=%2Fwp%2Fv2%2Fmedia&parent=63855"}],"wp:term":[{"taxonomy":"category","embeddable":true,"href":"https:\/\/www.egemtv.com\/index.php?rest_route=%2Fwp%2Fv2%2Fcategories&post=63855"},{"taxonomy":"post_tag","embeddable":true,"href":"https:\/\/www.egemtv.com\/index.php?rest_route=%2Fwp%2Fv2%2Ftags&post=63855"}],"curies":[{"name":"wp","href":"https:\/\/api.w.org\/{rel}","templated":true}]}}