{"id":63852,"date":"2025-10-26T07:14:37","date_gmt":"2025-10-26T04:14:37","guid":{"rendered":"https:\/\/www.egemtv.com\/?p=63852"},"modified":"2025-10-26T07:14:39","modified_gmt":"2025-10-26T04:14:39","slug":"16-yasindaki-bennurdan-2-gundur-haber-alinamiyor","status":"publish","type":"post","link":"https:\/\/www.egemtv.com\/?p=63852","title":{"rendered":"16 ya\u015f\u0131ndaki Bennur\u2019dan 2 g\u00fcnd\u00fcr haber al\u0131nam\u0131yor"},"content":{"rendered":"<p>Denizli\u2019de sosyal hizmetler yurdundan izinsiz olarak ayr\u0131lan 16 ya\u015f\u0131ndaki Bennur Gezgin\u2019den 2 g\u00fcnd\u00fcr haber al\u0131nam\u0131yor.<\/p>\n<p>Denizli\u2019de ya\u015fayan 16 ya\u015f\u0131ndaki Bennur Gezgen, Aile ve Sosyal Hizmetler \u0130l M\u00fcd\u00fcrl\u00fc\u011f\u00fcne ba\u011fl\u0131 yurttan 2 g\u00fcn \u00f6nce izinsiz olarak ayr\u0131ld\u0131ktan sonra bir daha geri d\u00f6nmedi.<br \/>\n<br \/>Yetkililer, Bennur\u2019un bulunmas\u0131 i\u00e7in geni\u015f \u00e7apl\u0131 bir arama \u00e7al\u0131\u015fmas\u0131 ba\u015flatt\u0131. Gen\u00e7 k\u0131z\u0131n durumundan endi\u015fe eden ailesi ve yak\u0131nlar\u0131 kay\u0131p ba\u015fvurusunda bulundu. Bennur\u2019u g\u00f6ren ya da nerede oldu\u011funu bilenlerin en yak\u0131n emniyet birimlerine bilgi vermesi istendi.<br \/><\/p>\n","protected":false},"excerpt":{"rendered":"<p>Denizli\u2019de sosyal hizmetler yurdundan izinsiz olarak ayr\u0131lan 16 ya\u015f\u0131ndaki Bennur Gezgin\u2019den 2 g\u00fcnd\u00fcr haber al\u0131nam\u0131yor. Denizli\u2019de ya\u015fayan 16 ya\u015f\u0131ndaki Bennur Gezgen, Aile ve Sosyal Hizmetler \u0130l M\u00fcd\u00fcrl\u00fc\u011f\u00fcne ba\u011fl\u0131 yurttan 2 g\u00fcn \u00f6nce izinsiz olarak ayr\u0131ld\u0131ktan sonra bir daha geri d\u00f6nmedi. Yetkililer, Bennur\u2019un bulunmas\u0131 i\u00e7in geni\u015f \u00e7apl\u0131 bir arama \u00e7al\u0131\u015fmas\u0131 ba\u015flatt\u0131. Gen\u00e7 k\u0131z\u0131n durumundan endi\u015fe eden&#8230;<\/p>\n","protected":false},"author":1,"featured_media":63853,"comment_status":"open","ping_status":"open","sticky":false,"template":"","format":"standard","meta":{"_crdt_document":"","footnotes":""},"categories":[5],"tags":[],"class_list":["post-63852","post","type-post","status-publish","format-standard","has-post-thumbnail","hentry","category-asayis"],"_links":{"self":[{"href":"https:\/\/www.egemtv.com\/index.php?rest_route=\/wp\/v2\/posts\/63852","targetHints":{"allow":["GET"]}}],"collection":[{"href":"https:\/\/www.egemtv.com\/index.php?rest_route=\/wp\/v2\/posts"}],"about":[{"href":"https:\/\/www.egemtv.com\/index.php?rest_route=\/wp\/v2\/types\/post"}],"author":[{"embeddable":true,"href":"https:\/\/www.egemtv.com\/index.php?rest_route=\/wp\/v2\/users\/1"}],"replies":[{"embeddable":true,"href":"https:\/\/www.egemtv.com\/index.php?rest_route=%2Fwp%2Fv2%2Fcomments&post=63852"}],"version-history":[{"count":1,"href":"https:\/\/www.egemtv.com\/index.php?rest_route=\/wp\/v2\/posts\/63852\/revisions"}],"predecessor-version":[{"id":63854,"href":"https:\/\/www.egemtv.com\/index.php?rest_route=\/wp\/v2\/posts\/63852\/revisions\/63854"}],"wp:featuredmedia":[{"embeddable":true,"href":"https:\/\/www.egemtv.com\/index.php?rest_route=\/wp\/v2\/media\/63853"}],"wp:attachment":[{"href":"https:\/\/www.egemtv.com\/index.php?rest_route=%2Fwp%2Fv2%2Fmedia&parent=63852"}],"wp:term":[{"taxonomy":"category","embeddable":true,"href":"https:\/\/www.egemtv.com\/index.php?rest_route=%2Fwp%2Fv2%2Fcategories&post=63852"},{"taxonomy":"post_tag","embeddable":true,"href":"https:\/\/www.egemtv.com\/index.php?rest_route=%2Fwp%2Fv2%2Ftags&post=63852"}],"curies":[{"name":"wp","href":"https:\/\/api.w.org\/{rel}","templated":true}]}}